{"id":7089,"date":"2014-09-11T11:54:27","date_gmt":"2014-09-11T14:54:27","guid":{"rendered":"http:\/\/obispadodezaratecampana.org\/?p=7089"},"modified":"2014-09-11T19:21:04","modified_gmt":"2014-09-11T22:21:04","slug":"feliz-dia-para-todos-los-maestros","status":"publish","type":"post","link":"https:\/\/obispadodezaratecampana.org\/?p=7089","title":{"rendered":"FELIZ D\u00cdA PARA TODOS LOS MAESTROS"},"content":{"rendered":"<p><a href=\"http:\/\/obispadodezaratecampana.org\/wp-content\/uploads\/2014\/09\/10546992_633236750127593_8531046348174073803_o.jpg\"><img fetchpriority=\"high\" decoding=\"async\" class=\" wp-image-7090 aligncenter\" src=\"http:\/\/obispadodezaratecampana.org\/wp-content\/uploads\/2014\/09\/10546992_633236750127593_8531046348174073803_o-226x300.jpg\" alt=\"10546992_633236750127593_8531046348174073803_o\" width=\"447\" height=\"482\" \/><\/a><\/p>\n<p>&nbsp;<\/p>\n<p>En este enlace pueden ver fotos de las di\u00f3cesis que componen la Regi\u00f3n Platense. El \u00e1lbum fue armado por la Delegaci\u00f3n de Comunicaci\u00f3n de la misma:\u00a0<a title=\"platense\" href=\"https:\/\/www.facebook.com\/media\/set\/?set=a.633489780102290.1073741831.448760485241888&amp;type=1\">https:\/\/www.facebook.com\/media\/set\/?set=a.633489780102290.1073741831.448760485241888&amp;type=1<\/a><\/p>\n<p><strong>\u00a0BIENAVENTURADOS LOS DOCENTES<\/strong><\/p>\n<p>El 11 de septiembre en memoria de Domingo Faustino Sarmiento celebramos el d\u00eda del maestro. Para los que viven la docencia como vocaci\u00f3n, \u00a0hay felicidad en el coraz\u00f3n, hay bienaventuranza.<\/p>\n<p>Los invitamos a leer y meditar las bienaventuranzas del docente.<\/p>\n<p style=\"text-align: center;\"><strong><em>Binaventuranzas del docente<\/em><\/strong><\/p>\n<p style=\"text-align: center;\"><em>\u00a1Feliz de ti, Docente Educador,<\/em><\/p>\n<p style=\"text-align: center;\"><em>si tienes un alma de pobre!<\/em><\/p>\n<p style=\"text-align: center;\"><em>Si tienes un coraz\u00f3n desapegado,<\/em><\/p>\n<p style=\"text-align: center;\"><em>para no prostituirte en pos del dinero<\/em><\/p>\n<p style=\"text-align: center;\"><em>y de las posesiones.<\/em><\/p>\n<p style=\"text-align: center;\"><em>Feliz de ti,<\/em><\/p>\n<p style=\"text-align: center;\"><em>si tienes un coraz\u00f3n pobre,<\/em><\/p>\n<p style=\"text-align: center;\"><em>sencillo y fraternal,<\/em><\/p>\n<p style=\"text-align: center;\"><em>servicial y amistoso,<\/em><\/p>\n<p style=\"text-align: center;\"><em>libre de soberbia,<\/em><\/p>\n<p style=\"text-align: center;\"><em>vac\u00edo de prepotencias.<\/em><\/p>\n<p style=\"text-align: center;\"><em>Feliz de ti,<\/em><\/p>\n<p style=\"text-align: center;\"><em>si no te sientes due\u00f1o de tus alumnos,<\/em><\/p>\n<p style=\"text-align: center;\"><em>sino servidor;<\/em><\/p>\n<p style=\"text-align: center;\"><em>si no te sientes due\u00f1o de la verdad,<\/em><\/p>\n<p style=\"text-align: center;\"><em>sino su buscador y peregrino;<\/em><\/p>\n<p style=\"text-align: center;\"><em>si est\u00e1s siempre abierto y dispuesto<\/em><\/p>\n<p style=\"text-align: center;\"><em>a crecer aprendiendo lo nuevo.<\/em><\/p>\n<p style=\"text-align: center;\"><em>Feliz de ti,<\/em><\/p>\n<p style=\"text-align: center;\"><em>si puedes acercarte a tus alumnos<\/em><\/p>\n<p style=\"text-align: center;\"><em>con la vulnerable autoridad de un servidor,<\/em><\/p>\n<p style=\"text-align: center;\"><em>sin recurrir defensivamente a la riqueza<\/em><\/p>\n<p style=\"text-align: center;\"><em>del poder autoritario.<\/em><\/p>\n<p style=\"text-align: center;\"><em>Feliz de ti,<\/em><\/p>\n<p style=\"text-align: center;\"><em>mientras reclamas la justa remuneraci\u00f3n<\/em><\/p>\n<p style=\"text-align: center;\"><em>de tu trabajo,<\/em><\/p>\n<p style=\"text-align: center;\"><em>no mides tu misi\u00f3n en dinero,<\/em><\/p>\n<p style=\"text-align: center;\"><em>porque sabes que tu tarea<\/em><\/p>\n<p style=\"text-align: center;\"><em>trasciende esas medidas<\/em><\/p>\n<p style=\"text-align: center;\"><em>y que la persona de tus alumnos<\/em><\/p>\n<p style=\"text-align: center;\"><em>no se cotiza en oro.<\/em><\/p>\n<p style=\"text-align: left;\">\u00a0Fuente:Ren\u00e9 J. Trosssero, del texto Bienaventuranzas de los docentes<\/p>\n<!-- AddThis Advanced Settings generic via filter on the_content --><!-- AddThis Share Buttons generic via filter on the_content -->","protected":false},"excerpt":{"rendered":"<p>&nbsp; En este enlace pueden ver fotos de las di\u00f3cesis que componen la Regi\u00f3n Platense. El \u00e1lbum fue armado por la Delegaci\u00f3n de Comunicaci\u00f3n de [&hellip;]<!-- AddThis Advanced Settings generic via filter on get_the_excerpt --><!-- AddThis Share Buttons generic via filter on get_the_excerpt --><\/p>\n","protected":false},"author":2,"featured_media":0,"comment_status":"open","ping_status":"open","sticky":false,"template":"","format":"standard","meta":{"footnotes":""},"categories":[1],"tags":[],"class_list":["post-7089","post","type-post","status-publish","format-standard","hentry","category-noticiasdiocesanas"],"_links":{"self":[{"href":"https:\/\/obispadodezaratecampana.org\/index.php?rest_route=\/wp\/v2\/posts\/7089","targetHints":{"allow":["GET"]}}],"collection":[{"href":"https:\/\/obispadodezaratecampana.org\/index.php?rest_route=\/wp\/v2\/posts"}],"about":[{"href":"https:\/\/obispadodezaratecampana.org\/index.php?rest_route=\/wp\/v2\/types\/post"}],"author":[{"embeddable":true,"href":"https:\/\/obispadodezaratecampana.org\/index.php?rest_route=\/wp\/v2\/users\/2"}],"replies":[{"embeddable":true,"href":"https:\/\/obispadodezaratecampana.org\/index.php?rest_route=%2Fwp%2Fv2%2Fcomments&post=7089"}],"version-history":[{"count":3,"href":"https:\/\/obispadodezaratecampana.org\/index.php?rest_route=\/wp\/v2\/posts\/7089\/revisions"}],"predecessor-version":[{"id":7106,"href":"https:\/\/obispadodezaratecampana.org\/index.php?rest_route=\/wp\/v2\/posts\/7089\/revisions\/7106"}],"wp:attachment":[{"href":"https:\/\/obispadodezaratecampana.org\/index.php?rest_route=%2Fwp%2Fv2%2Fmedia&parent=7089"}],"wp:term":[{"taxonomy":"category","embeddable":true,"href":"https:\/\/obispadodezaratecampana.org\/index.php?rest_route=%2Fwp%2Fv2%2Fcategories&post=7089"},{"taxonomy":"post_tag","embeddable":true,"href":"https:\/\/obispadodezaratecampana.org\/index.php?rest_route=%2Fwp%2Fv2%2Ftags&post=7089"}],"curies":[{"name":"wp","href":"https:\/\/api.w.org\/{rel}","templated":true}]}}