{"id":7085,"date":"2014-09-10T09:40:41","date_gmt":"2014-09-10T12:40:41","guid":{"rendered":"http:\/\/obispadodezaratecampana.org\/?p=7085"},"modified":"2014-10-28T19:09:50","modified_gmt":"2014-10-28T22:09:50","slug":"comienza-la-produccion-de-un-documental-en-la-diocesis","status":"publish","type":"post","link":"https:\/\/obispadodezaratecampana.org\/?p=7085","title":{"rendered":"Comienza la producci\u00f3n de un documental en la di\u00f3cesis"},"content":{"rendered":"<h4 style=\"text-align: center;\"><strong>\u00bfQu\u00e9 pasar\u00eda si \u00e9sta historia fuera la tuya? <\/strong><\/h4>\n<h4 style=\"text-align: center;\"><strong>Un documental \u00fanico sobre el viaje de la vida. Un archivo hist\u00f3rico y cultural.<\/strong><\/h4>\n<p>&nbsp;<\/p>\n<p><iframe src=\"\/\/www.youtube.com\/embed\/hItIMK-k0bM\" width=\"640\" height=\"360\" frameborder=\"0\" allowfullscreen=\"allowfullscreen\"><\/iframe><\/p>\n<p>&nbsp;<\/p>\n<p>Pionero del Encuentro es\u00a0un documental religioso, hist\u00f3rico y cultural. De forma atrayente y entretenida, el documental sigue las huellas del fraile franciscano Luis de Bola\u00f1os. El viaje comienza con su aventurada llegada desde Espa\u00f1a al R\u00edo de la Plata en 1572, el comienzo de su tarea pastoral en el Paraguay, su especial dedicaci\u00f3n para proteger al indio y su descenso a pie hasta la fundaci\u00f3n de la reducci\u00f3n de indios Santiago del Baradero en 1615. Actualmente all\u00ed se ubica el partido de Baradero en la provincia de Buenos Aires.<\/p>\n<p>A trav\u00e9s del viaje de Fray Bola\u00f1os se cuestionar\u00e1 al espectador acerca de los cuestionamientos humanos mas profundos: el sentido de la existencia, la vida, la muerte, las relaciones, la pregunta acerca de la existencia de Dios, etc. La misi\u00f3n del franciscano buscar\u00e1 ser un reflejo de la misi\u00f3n y de la historia de vida de cualquier ser humano. As\u00ed, sus viajes, dificultades y logros, entrar\u00e1n en di\u00e1logo con el espectador, interpelando a sus propias b\u00fasquedas mas \u00edntimas.<\/p>\n<p>El documental se est\u00e1 elaborando como una iniciativa de la Pquia. Santiago Ap\u00f3stol de Baradero y de la delegaci\u00f3n de comunicaci\u00f3n institucional de la di\u00f3cesis de Z\u00e1rate &#8211; Campana. Adem\u00e1s cuenta con el apoyo y acompa\u00f1amiento de muchas personas de toda la di\u00f3cesis y de otras partes del pa\u00eds. Luego ser\u00e1 distribuido gratuitamente como material de estudio para instituciones educativas y como un mensaje de vida y de b\u00fasqueda de la verdad para todos.<\/p>\n<p>&nbsp;<\/p>\n<h3>\u00a1Necesitamos de tu ayuda!<\/h3>\n<p>El objetivo ser\u00e1 estrenar el documental en el marco de los 400 a\u00f1os de la Pquia. Santiago Ap\u00f3stol y del partido de Baradero, en julio de 2015. La distribuci\u00f3n tras el estreno ser\u00e1 gratuita. \u00bfQu\u00e9 es lo primero que necesitamos? Mucha, pero mucha&#8230; \u00a1oraci\u00f3n! Lo primero que necesitamos es de la fuerza de la oraci\u00f3n, \u00a1todos nos podemos ayudar por medio de ella porque es el medio mas seguro para llegar a Dios!<\/p>\n<p>Luego hay otras dos formas en las que nos pod\u00e9s ayudar. Una de ellas es mediante el apoyo econ\u00f3mico, si bien la mayor parte del documental se va a realizar gracias al tiempo y el trabajo de muchas personas que se ofrecieron gratuitamente a ayudarnos, tambi\u00e9n tenemos muchos gastos que afrontar.\u00a0Contactate con la producci\u00f3n por mail o con la Pquia. Santiago Ap\u00f3stol para concretarlo.<\/p>\n<p>Si quer\u00e9s ayudarnos en la realizaci\u00f3n del proyecto de otro modo, \u00a1tambi\u00e9n pod\u00e9s! Necesitamos de actores, indumentaria, editores, productores, ayudantes, historiadores, docentes, etc. Escribinos, seguramente hay alguna forma en la que puedas ayudarnos, nuestro mail es <strong>pionerodelencuentro@gmail.com<\/strong><\/p>\n<p>&nbsp;<\/p>\n<p><img fetchpriority=\"high\" decoding=\"async\" class=\"aligncenter wp-image-7076 size-large\" src=\"http:\/\/obispadodezaratecampana.org\/wp-content\/uploads\/2014\/09\/afiche-lanzamiento-1024x426.jpg\" alt=\"\" width=\"785\" height=\"326\" srcset=\"https:\/\/obispadodezaratecampana.org\/wp-content\/uploads\/2014\/09\/afiche-lanzamiento-1024x426.jpg 1024w, https:\/\/obispadodezaratecampana.org\/wp-content\/uploads\/2014\/09\/afiche-lanzamiento-300x125.jpg 300w, https:\/\/obispadodezaratecampana.org\/wp-content\/uploads\/2014\/09\/afiche-lanzamiento.jpg 1920w\" sizes=\"(max-width: 785px) 100vw, 785px\" \/><\/p>\n<p>&nbsp;<\/p>\n<h4 style=\"text-align: center;\"><a href=\"https:\/\/www.facebook.com\/pages\/Pionero-del-Encuentro\/923809400966603\" target=\"_blank\">\u00a1Buscanos en facebook!<\/a><\/h4>\n<!-- AddThis Advanced Settings generic via filter on the_content --><!-- AddThis Share Buttons generic via filter on the_content -->","protected":false},"excerpt":{"rendered":"<p>\u00bfQu\u00e9 pasar\u00eda si \u00e9sta historia fuera la tuya? Un documental \u00fanico sobre el viaje de la vida. Un archivo hist\u00f3rico y cultural. &nbsp; &nbsp; Pionero [&hellip;]<!-- AddThis Advanced Settings generic via filter on get_the_excerpt --><!-- AddThis Share Buttons generic via filter on get_the_excerpt --><\/p>\n","protected":false},"author":1,"featured_media":7075,"comment_status":"open","ping_status":"open","sticky":false,"template":"","format":"standard","meta":{"footnotes":""},"categories":[1],"tags":[],"class_list":["post-7085","post","type-post","status-publish","format-standard","has-post-thumbnail","hentry","category-noticiasdiocesanas"],"_links":{"self":[{"href":"https:\/\/obispadodezaratecampana.org\/index.php?rest_route=\/wp\/v2\/posts\/7085","targetHints":{"allow":["GET"]}}],"collection":[{"href":"https:\/\/obispadodezaratecampana.org\/index.php?rest_route=\/wp\/v2\/posts"}],"about":[{"href":"https:\/\/obispadodezaratecampana.org\/index.php?rest_route=\/wp\/v2\/types\/post"}],"author":[{"embeddable":true,"href":"https:\/\/obispadodezaratecampana.org\/index.php?rest_route=\/wp\/v2\/users\/1"}],"replies":[{"embeddable":true,"href":"https:\/\/obispadodezaratecampana.org\/index.php?rest_route=%2Fwp%2Fv2%2Fcomments&post=7085"}],"version-history":[{"count":3,"href":"https:\/\/obispadodezaratecampana.org\/index.php?rest_route=\/wp\/v2\/posts\/7085\/revisions"}],"predecessor-version":[{"id":7670,"href":"https:\/\/obispadodezaratecampana.org\/index.php?rest_route=\/wp\/v2\/posts\/7085\/revisions\/7670"}],"wp:featuredmedia":[{"embeddable":true,"href":"https:\/\/obispadodezaratecampana.org\/index.php?rest_route=\/wp\/v2\/media\/7075"}],"wp:attachment":[{"href":"https:\/\/obispadodezaratecampana.org\/index.php?rest_route=%2Fwp%2Fv2%2Fmedia&parent=7085"}],"wp:term":[{"taxonomy":"category","embeddable":true,"href":"https:\/\/obispadodezaratecampana.org\/index.php?rest_route=%2Fwp%2Fv2%2Fcategories&post=7085"},{"taxonomy":"post_tag","embeddable":true,"href":"https:\/\/obispadodezaratecampana.org\/index.php?rest_route=%2Fwp%2Fv2%2Ftags&post=7085"}],"curies":[{"name":"wp","href":"https:\/\/api.w.org\/{rel}","templated":true}]}}