{"id":7060,"date":"2014-09-08T06:43:53","date_gmt":"2014-09-08T09:43:53","guid":{"rendered":"http:\/\/obispadodezaratecampana.org\/?p=7060"},"modified":"2014-09-08T06:43:53","modified_gmt":"2014-09-08T09:43:53","slug":"angelus-del-domingo-7-de-septiembre","status":"publish","type":"post","link":"https:\/\/obispadodezaratecampana.org\/?p=7060","title":{"rendered":"Angelus del domingo 7 de septiembre"},"content":{"rendered":"<p>Nos los record\u00f3 el Papa Francisco este mediod\u00eda antes del rezo de la oraci\u00f3n mariana, refiri\u00e9ndose a la correcci\u00f3n fraterna. Ante miles de fieles y peregrinos reunidos en la plaza de San Pedro para escuchar sus palabras y recibir su bendici\u00f3n, el Obispo de Roma subray\u00f3 que ante Dios todos somos pecadores y necesitados de perd\u00f3n. Jes\u00fas, sin embargo &#8211; agreg\u00f3 &#8211; nos ha dicho que no debemos juzgar. Francisco puntualiz\u00f3 que la correcci\u00f3n fraterna es un aspecto del amor y de la comuni\u00f3n que deben reinar en la comunidad cristiana, es un servicio rec\u00edproco que podemos y debemos darnos los unos a los otros.<\/p>\n<p>Texto y audio completo de la alocuci\u00f3n del Papa antes de rezar el \u00c1ngelus:<\/p>\n<p>Queridos hermanos y hermanas \u00a1buenos d\u00edas!<br \/>\nEl Evangelio de este domingo, tomado del cap\u00edtulo 18 de Mateo, presenta el tema de la correcci\u00f3n fraterna en la comunidad de los creyentes: o sea c\u00f3mo debo corregir a otro cristiano cuando hace algo que no est\u00e1 bien. Jes\u00fas nos ense\u00f1a que si mi hermano cristiano comete una culpa contra m\u00ed, me ofende, yo debo usar la caridad hacia \u00e9l, antes que todo, hablarle personalmente, explic\u00e1ndole que aquello que ha dicho o hecho no es bueno \u00bfY si el hermano no me escucha? Jes\u00fas sugiere una intervenci\u00f3n progresiva: primero, vuelve a hablarle con otras dos o tres personas, para que sea m\u00e1s consciente del error que ha cometido; si, no obstante esto, no acoge la exhortaci\u00f3n, es necesario decirlo a la comunidad; y si tampoco escucha a la comunidad, es necesario hacerle percibir la fractura y el distanciamiento que \u00e9l mismo ha provocado, haciendo venir a menos la comuni\u00f3n con los hermanos en la fe.<br \/>\nLas etapas de este itinerario indican el esfuerzo que el Se\u00f1or pide a su comunidad para acompa\u00f1ar a quien se equivoca, para que no se pierda. Es ante todo necesario evitar el clamor de la habladur\u00eda y el cotilleo de la comunidad &#8211; \u00e9sta es la primera cosa, evitar esto-. &#8220;Ve y corr\u00edgelo en privado&#8221; (v. 15). La actitud es de delicadeza, prudencia, humildad, atenci\u00f3n hacia quien ha cometido una culpa, evitando que las palabras puedan herir y matar al hermano. Porque, ustedes saben, \u00a1tambi\u00e9n las palabras matan! Cuando hablo mal. Cuando hago una cr\u00edtica injusta, cuando con mi lengua &#8216;saco el cuero&#8217; a un hermano, esto es matar la reputaci\u00f3n del otro. Tambi\u00e9n las palabras matan. Estemos atentos a esto. Al mismo tiempo esta discreci\u00f3n tiene la finalidad de no mortificar in\u00fatilmente al pecador. Es a la luz de esta exigencia que se comprende tambi\u00e9n la serie sucesiva de intervenciones, que prev\u00e9 la participaci\u00f3n de algunos testimonios y luego incluso de la comunidad. El objetivo es aquel de ayudar a la persona a darse cuenta de aquello que ha hecho, y que con su culpa ha ofendido no solamente a uno, sino a todos. Pero tambi\u00e9n ayudarnos a librarnos de la ira o del resentimiento, que s\u00f3lo nos hacen mal: aquella amargura del coraz\u00f3n que trae la ira y el resentimiento y que nos llevan a insultar y a agredir. Es muy feo ver salir de la boca de un cristiano un insulto o una agresi\u00f3n. Es feo \u00bfEntendido? \u00a1Nada de insultos! Insultar no es cristiano \u00bfEntendido? Insultar no es cristiano.<br \/>\nEn realidad, ante Dios todos somos pecadores y necesitados de perd\u00f3n. Todos. Jes\u00fas, de hecho, nos ha dicho no juzgar. La correcci\u00f3n fraterna es un aspecto del amor y de la comuni\u00f3n que deben reinar en la comunidad cristiana. Es un servicio rec\u00edproco que podemos y debemos darnos los unos a los otros. Corregir al hermano es un servicio, y es posible y eficaz solamente si cada uno se reconoce pecador y necesitado del perd\u00f3n del Se\u00f1or. La misma consciencia que me hace reconocer el error del otro, me hace acordar que yo me equivocado primero y que me equivoco tantas veces.<br \/>\nPor esto, al inicio de la Misa, estamos siempre invitados a reconocer ante el Se\u00f1or que somos pecadores, expresando con las palabras y con los gestos el sincero arrepentimiento del coraz\u00f3n. Y decimos &#8216;\u00a1ten piedad de m\u00ed, Se\u00f1or, que soy pecador! Confieso, a Dios omnipotente, mis pecados&#8217;. O nosotros decimos: &#8216;Se\u00f1or ten piedad de \u00e9ste que est\u00e1 junto a m\u00ed o de \u00e9sta, que son pecadores&#8217;. \u00a1No! &#8216;\u00a1Ten piedad de m\u00ed!&#8217; Todos somos pecadores y necesitados del perd\u00f3n del Se\u00f1or. Es el Esp\u00edritu Santo el que habla a nuestro esp\u00edritu y nos hace reconocer nuestras culpas a la luz de la palabra de Jes\u00fas. Y es el mismo Jes\u00fas que nos invita a todos, santos y pecadores, a su mesa recogi\u00e9ndonos de los cruces de los caminos, de las diversas situaciones de la vida (cfr Mt 22,9-10). Y entre las condiciones que acomunan a los participantes en la celebraci\u00f3n eucar\u00edstica, dos son fundamentales, dos condiciones para ir bien a Misa: todos somos pecadores y a todos Dios dona su misericordia. Son dos condiciones que abren las puertas de par en par para entrar bien a Misa. Debemos recordar esto siempre antes de ir hacia el hermano para la correcci\u00f3n fraterna.<br \/>\nPidamos todo esto por intercesi\u00f3n de la Bienaventurada Virgen Mar\u00eda, que ma\u00f1ana celebraremos en la conmemoraci\u00f3n lit\u00fargica de su Natividad.<\/p>\n<p>Fuente: www.news.va<\/p>\n<!-- AddThis Advanced Settings generic via filter on the_content --><!-- AddThis Share Buttons generic via filter on the_content -->","protected":false},"excerpt":{"rendered":"<p>Nos los record\u00f3 el Papa Francisco este mediod\u00eda antes del rezo de la oraci\u00f3n mariana, refiri\u00e9ndose a la correcci\u00f3n fraterna. Ante miles de fieles y [&hellip;]<!-- AddThis Advanced Settings generic via filter on get_the_excerpt --><!-- AddThis Share Buttons generic via filter on get_the_excerpt --><\/p>\n","protected":false},"author":2,"featured_media":7061,"comment_status":"open","ping_status":"open","sticky":false,"template":"","format":"standard","meta":{"footnotes":""},"categories":[161],"tags":[],"class_list":["post-7060","post","type-post","status-publish","format-standard","has-post-thumbnail","hentry","category-el-papa-leonxiv"],"_links":{"self":[{"href":"https:\/\/obispadodezaratecampana.org\/index.php?rest_route=\/wp\/v2\/posts\/7060","targetHints":{"allow":["GET"]}}],"collection":[{"href":"https:\/\/obispadodezaratecampana.org\/index.php?rest_route=\/wp\/v2\/posts"}],"about":[{"href":"https:\/\/obispadodezaratecampana.org\/index.php?rest_route=\/wp\/v2\/types\/post"}],"author":[{"embeddable":true,"href":"https:\/\/obispadodezaratecampana.org\/index.php?rest_route=\/wp\/v2\/users\/2"}],"replies":[{"embeddable":true,"href":"https:\/\/obispadodezaratecampana.org\/index.php?rest_route=%2Fwp%2Fv2%2Fcomments&post=7060"}],"version-history":[{"count":1,"href":"https:\/\/obispadodezaratecampana.org\/index.php?rest_route=\/wp\/v2\/posts\/7060\/revisions"}],"predecessor-version":[{"id":7062,"href":"https:\/\/obispadodezaratecampana.org\/index.php?rest_route=\/wp\/v2\/posts\/7060\/revisions\/7062"}],"wp:featuredmedia":[{"embeddable":true,"href":"https:\/\/obispadodezaratecampana.org\/index.php?rest_route=\/wp\/v2\/media\/7061"}],"wp:attachment":[{"href":"https:\/\/obispadodezaratecampana.org\/index.php?rest_route=%2Fwp%2Fv2%2Fmedia&parent=7060"}],"wp:term":[{"taxonomy":"category","embeddable":true,"href":"https:\/\/obispadodezaratecampana.org\/index.php?rest_route=%2Fwp%2Fv2%2Fcategories&post=7060"},{"taxonomy":"post_tag","embeddable":true,"href":"https:\/\/obispadodezaratecampana.org\/index.php?rest_route=%2Fwp%2Fv2%2Ftags&post=7060"}],"curies":[{"name":"wp","href":"https:\/\/api.w.org\/{rel}","templated":true}]}}