{"id":7056,"date":"2014-09-06T20:14:56","date_gmt":"2014-09-06T23:14:56","guid":{"rendered":"http:\/\/obispadodezaratecampana.org\/?p=7056"},"modified":"2014-09-06T20:58:02","modified_gmt":"2014-09-06T23:58:02","slug":"domingo-7-de-septiembre-jornada-de-oracion-por-la-paz","status":"publish","type":"post","link":"https:\/\/obispadodezaratecampana.org\/?p=7056","title":{"rendered":"Domingo 7 de septiembre: Jornada de oraci\u00f3n y ayuno por la Paz"},"content":{"rendered":"<p><strong>Adoraci\u00f3n al Sant\u00edsimo: 24 horas del d\u00eda 7 de septiembre en nuestra di\u00f3cesis<\/strong><\/p>\n<p>El Papa exclam\u00f3 que \u201c\u00a1la humanidad tiene necesidad de ver gestos de paz y de escuchar palabras de esperanza y de paz!\u201d.<\/p>\n<p>Nuestro Obispo Monse\u00f1or \u00a0Oscar ha convocado a las parroquias, capillas, centros pastorales y misionales, comunidades religiosas y comunidades educativas, a la celebraci\u00f3n de la \u201cHora Santa de 24 horas\u201d como Jornada de Oraci\u00f3n por la Paz en Siria, Oriente Medio y el mundo entero, en uni\u00f3n a la convocatoria mundial que ha realizado el Santo Padre Francisco.<\/p>\n<p>Esta jornada de ayuno y Oraci\u00f3n por la Paz, tendr\u00e1 lugar el pr\u00f3ximo domingo 7 de septiembre de 2014 en la iglesia Catedral de Santa Florentina (Campana), y el los templos parroquiales de Santa Teresa de Jes\u00fas (Gar\u00edn) y Jes\u00fas Misericordioso (Gar\u00edn).<\/p>\n<p>En la iglesia Catedral se tendr\u00e1 adoraci\u00f3n al Sant\u00edsimo y Misa entre las 18:00 hs \u00a0y las 21:00 hs del d\u00eda 7. La presencia en todas las dem\u00e1s horas de Adoraci\u00f3n al Sant\u00edsimo ser\u00e1n aseguradas por la comunidad de los Disc\u00edpulos de Jes\u00fas y San Juan Bautista, de Gar\u00edn, en su rama masculina y rama femenina, y por ende en ambas parroquias mencionadas, encomendadas a su cura pastoral.<\/p>\n<p>Los seminaristas de la di\u00f3cesis se unir\u00e1n a la Hora Santa en cada una de las parroquias de Pastoral de fin de Semana.<\/p>\n<p>El Papa Francisco anunci\u00f3 el pasado d\u00eda 24 de agosto la convocatoria a toda la Iglesia para una jornada de ayuno y oraci\u00f3n para el 7 de septiembre por la paz en Siria, en Medio Oriente y en el mundo entero, v\u00edspera de la fiesta de la Natividad de Mar\u00eda, Reina de la Paz.<\/p>\n<p>Su Santidad Francisco presidir\u00e1 un encuentro de oraci\u00f3n en la Plaza de San Pedro de Roma durante la tarde-noche de dicha jornada. Al mismo tiempo, el Santo Padre ha pedido a todas las Iglesias particulares que se unan a esta iniciativa organizando actos lit\u00fargicos seg\u00fan dicha intenci\u00f3n, invitando a los hermanos cristianos, a los no cat\u00f3licos, a los pertenecientes a las dem\u00e1s religiones y a los hombres de buena voluntad a dicha jornada.<\/p>\n<p><a href=\"http:\/\/obispadodezaratecampana.org\/wp-content\/uploads\/2014\/09\/10583042_805440716172948_8503513943116176355_o.jpg\"><img fetchpriority=\"high\" decoding=\"async\" class=\" wp-image-7057 aligncenter\" src=\"http:\/\/obispadodezaratecampana.org\/wp-content\/uploads\/2014\/09\/10583042_805440716172948_8503513943116176355_o-300x225.jpg\" alt=\"10583042_805440716172948_8503513943116176355_o\" width=\"300\" height=\"253\" \/><\/a><\/p>\n<p style=\"text-align: center;\">\u00a0Parroquia del Sagrado Coraz\u00f3n de Jes\u00fas, en Ingeniero Maschwitz-Maquinista Savio. .<\/p>\n<!-- AddThis Advanced Settings generic via filter on the_content --><!-- AddThis Share Buttons generic via filter on the_content -->","protected":false},"excerpt":{"rendered":"<p>Adoraci\u00f3n al Sant\u00edsimo: 24 horas del d\u00eda 7 de septiembre en nuestra di\u00f3cesis El Papa exclam\u00f3 que \u201c\u00a1la humanidad tiene necesidad de ver gestos de [&hellip;]<!-- AddThis Advanced Settings generic via filter on get_the_excerpt --><!-- AddThis Share Buttons generic via filter on get_the_excerpt --><\/p>\n","protected":false},"author":2,"featured_media":7057,"comment_status":"open","ping_status":"open","sticky":false,"template":"","format":"standard","meta":{"footnotes":""},"categories":[1],"tags":[],"class_list":["post-7056","post","type-post","status-publish","format-standard","has-post-thumbnail","hentry","category-noticiasdiocesanas"],"_links":{"self":[{"href":"https:\/\/obispadodezaratecampana.org\/index.php?rest_route=\/wp\/v2\/posts\/7056","targetHints":{"allow":["GET"]}}],"collection":[{"href":"https:\/\/obispadodezaratecampana.org\/index.php?rest_route=\/wp\/v2\/posts"}],"about":[{"href":"https:\/\/obispadodezaratecampana.org\/index.php?rest_route=\/wp\/v2\/types\/post"}],"author":[{"embeddable":true,"href":"https:\/\/obispadodezaratecampana.org\/index.php?rest_route=\/wp\/v2\/users\/2"}],"replies":[{"embeddable":true,"href":"https:\/\/obispadodezaratecampana.org\/index.php?rest_route=%2Fwp%2Fv2%2Fcomments&post=7056"}],"version-history":[{"count":2,"href":"https:\/\/obispadodezaratecampana.org\/index.php?rest_route=\/wp\/v2\/posts\/7056\/revisions"}],"predecessor-version":[{"id":7059,"href":"https:\/\/obispadodezaratecampana.org\/index.php?rest_route=\/wp\/v2\/posts\/7056\/revisions\/7059"}],"wp:featuredmedia":[{"embeddable":true,"href":"https:\/\/obispadodezaratecampana.org\/index.php?rest_route=\/wp\/v2\/media\/7057"}],"wp:attachment":[{"href":"https:\/\/obispadodezaratecampana.org\/index.php?rest_route=%2Fwp%2Fv2%2Fmedia&parent=7056"}],"wp:term":[{"taxonomy":"category","embeddable":true,"href":"https:\/\/obispadodezaratecampana.org\/index.php?rest_route=%2Fwp%2Fv2%2Fcategories&post=7056"},{"taxonomy":"post_tag","embeddable":true,"href":"https:\/\/obispadodezaratecampana.org\/index.php?rest_route=%2Fwp%2Fv2%2Ftags&post=7056"}],"curies":[{"name":"wp","href":"https:\/\/api.w.org\/{rel}","templated":true}]}}