{"id":7051,"date":"2014-09-06T18:38:48","date_gmt":"2014-09-06T21:38:48","guid":{"rendered":"http:\/\/obispadodezaratecampana.org\/?p=7051"},"modified":"2014-09-06T18:38:48","modified_gmt":"2014-09-06T21:38:48","slug":"curso-del-idioma-griego-en-campana","status":"publish","type":"post","link":"https:\/\/obispadodezaratecampana.org\/?p=7051","title":{"rendered":"Curso del idioma Griego en Campana"},"content":{"rendered":"<p>Les compartimos esta interesante propuesta de capacitaci\u00f3n ofrecida por el ISFDyT San Pedro y San Pablo:<\/p>\n<p><em>Estimados Alumnos, Profesores, Interesados:\u00a0<\/em><\/p>\n<p><em>El ISFDyT San Pedro y San Pablo, en el marco del Departamento de Extensi\u00f3n realizar\u00e1 el Curso de GRIEGO I en las Sagradas Escrituras.<\/em><br \/>\n<em>El mismo tendr\u00e1 una frecuencia semanal, los d\u00edas mi\u00e9rcoles de 2 hs reloj. Desde las 19.00 hasta las 21.00 hs. Comenzaremos el primer mi\u00e9rcoles de OCTUBRE y finalizaremos el 10 de diciembre.<\/em><\/p>\n<p><em>Se entregar\u00e1n certificados de asistencia y acreditaci\u00f3n del Curso.<\/em><\/p>\n<p><em>A partir de la semana que viene pueden inscribirse, previa confecci\u00f3n de ficha de inscripci\u00f3n y abono de aranceles. Las vacantes ser\u00e1n limitadas, en este per\u00edodo.<\/em><\/p>\n<p><em>Para mayor informaci\u00f3n y reserva de vacante comunicarse a: ingresosalumnos@gmail.com<\/em><\/p>\n<p><em>Saluda a ustedes cordialmente:<\/em><\/p>\n<p><em>Instituto Superior de Formaci\u00f3n Docente y T\u00e9cnica<\/em><br \/>\n<em>San Pedro y San Pablo (DIPREGEP 8153)<\/em><br \/>\n<em>Av Per\u00f3n 313 &#8211; Campana<\/em><\/p>\n<p>Facebook del Instituto:\u00a0<a title=\"instituto\" href=\"https:\/\/www.facebook.com\/isfdyt.sanpedroysanpablo?fref=ts\">https:\/\/www.facebook.com\/isfdyt.sanpedroysanpablo?fref=ts<\/a><\/p>\n<p><strong>Propuesta Acad\u00e9mica: Tres Profesorados<\/strong><\/p>\n<p><img fetchpriority=\"high\" decoding=\"async\" class=\" wp-image-7052 aligncenter\" src=\"http:\/\/obispadodezaratecampana.org\/wp-content\/uploads\/2014\/09\/10543583_688633431212174_5834860529924455972_o-269x300.jpg\" alt=\"10543583_688633431212174_5834860529924455972_o\" width=\"487\" height=\"540\" \/><\/p>\n<!-- AddThis Advanced Settings generic via filter on the_content --><!-- AddThis Share Buttons generic via filter on the_content -->","protected":false},"excerpt":{"rendered":"<p>Les compartimos esta interesante propuesta de capacitaci\u00f3n ofrecida por el ISFDyT San Pedro y San Pablo: Estimados Alumnos, Profesores, Interesados:\u00a0 El ISFDyT San Pedro y [&hellip;]<!-- AddThis Advanced Settings generic via filter on get_the_excerpt --><!-- AddThis Share Buttons generic via filter on get_the_excerpt --><\/p>\n","protected":false},"author":2,"featured_media":7052,"comment_status":"open","ping_status":"open","sticky":false,"template":"","format":"standard","meta":{"footnotes":""},"categories":[5],"tags":[],"class_list":["post-7051","post","type-post","status-publish","format-standard","has-post-thumbnail","hentry","category-generales"],"_links":{"self":[{"href":"https:\/\/obispadodezaratecampana.org\/index.php?rest_route=\/wp\/v2\/posts\/7051","targetHints":{"allow":["GET"]}}],"collection":[{"href":"https:\/\/obispadodezaratecampana.org\/index.php?rest_route=\/wp\/v2\/posts"}],"about":[{"href":"https:\/\/obispadodezaratecampana.org\/index.php?rest_route=\/wp\/v2\/types\/post"}],"author":[{"embeddable":true,"href":"https:\/\/obispadodezaratecampana.org\/index.php?rest_route=\/wp\/v2\/users\/2"}],"replies":[{"embeddable":true,"href":"https:\/\/obispadodezaratecampana.org\/index.php?rest_route=%2Fwp%2Fv2%2Fcomments&post=7051"}],"version-history":[{"count":1,"href":"https:\/\/obispadodezaratecampana.org\/index.php?rest_route=\/wp\/v2\/posts\/7051\/revisions"}],"predecessor-version":[{"id":7053,"href":"https:\/\/obispadodezaratecampana.org\/index.php?rest_route=\/wp\/v2\/posts\/7051\/revisions\/7053"}],"wp:featuredmedia":[{"embeddable":true,"href":"https:\/\/obispadodezaratecampana.org\/index.php?rest_route=\/wp\/v2\/media\/7052"}],"wp:attachment":[{"href":"https:\/\/obispadodezaratecampana.org\/index.php?rest_route=%2Fwp%2Fv2%2Fmedia&parent=7051"}],"wp:term":[{"taxonomy":"category","embeddable":true,"href":"https:\/\/obispadodezaratecampana.org\/index.php?rest_route=%2Fwp%2Fv2%2Fcategories&post=7051"},{"taxonomy":"post_tag","embeddable":true,"href":"https:\/\/obispadodezaratecampana.org\/index.php?rest_route=%2Fwp%2Fv2%2Ftags&post=7051"}],"curies":[{"name":"wp","href":"https:\/\/api.w.org\/{rel}","templated":true}]}}