{"id":7047,"date":"2014-09-06T18:08:39","date_gmt":"2014-09-06T21:08:39","guid":{"rendered":"http:\/\/obispadodezaratecampana.org\/?p=7047"},"modified":"2014-09-06T18:10:18","modified_gmt":"2014-09-06T21:10:18","slug":"peregrinacion-a-lujan-2014-concurso-de-la-cancion","status":"publish","type":"post","link":"https:\/\/obispadodezaratecampana.org\/?p=7047","title":{"rendered":"Peregrinaci\u00f3n a Luj\u00e1n 2014: Concurso de la Canci\u00f3n"},"content":{"rendered":"<p>CONCURSO DE LA CANCI\u00d3N DE LA PEREGRINACI\u00d3N DEL PUEBLO DE DIOS A LUJ\u00c1N<\/p>\n<p>BASES Y CONDICIONES en el siguiente enlace:<\/p>\n<p><a title=\"CONCURSO\" href=\"https:\/\/docs.google.com\/document\/d\/1e3CQWF67Zv8hIKNOp68SQzvehaf3vK1bii8m4hfoOik\/edit?pli=1\">https:\/\/docs.google.com\/document\/d\/1e3CQWF67Zv8hIKNOp68SQzvehaf3vK1bii8m4hfoOik\/edit?pli=1<\/a><\/p>\n<p><img fetchpriority=\"high\" decoding=\"async\" class=\" wp-image-7048 aligncenter\" src=\"http:\/\/obispadodezaratecampana.org\/wp-content\/uploads\/2014\/09\/10582916_364348153720939_1703219474375834949_o-300x216.jpg\" alt=\"10582916_364348153720939_1703219474375834949_o\" width=\"516\" height=\"276\" \/><\/p>\n<!-- AddThis Advanced Settings generic via filter on the_content --><!-- AddThis Share Buttons generic via filter on the_content -->","protected":false},"excerpt":{"rendered":"<p>CONCURSO DE LA CANCI\u00d3N DE LA PEREGRINACI\u00d3N DEL PUEBLO DE DIOS A LUJ\u00c1N BASES Y CONDICIONES en el siguiente enlace: https:\/\/docs.google.com\/document\/d\/1e3CQWF67Zv8hIKNOp68SQzvehaf3vK1bii8m4hfoOik\/edit?pli=1<!-- AddThis Advanced Settings generic via filter on get_the_excerpt --><!-- AddThis Share Buttons generic via filter on get_the_excerpt --><\/p>\n","protected":false},"author":2,"featured_media":7048,"comment_status":"open","ping_status":"open","sticky":false,"template":"","format":"standard","meta":{"footnotes":""},"categories":[1],"tags":[],"class_list":["post-7047","post","type-post","status-publish","format-standard","has-post-thumbnail","hentry","category-noticiasdiocesanas"],"_links":{"self":[{"href":"https:\/\/obispadodezaratecampana.org\/index.php?rest_route=\/wp\/v2\/posts\/7047","targetHints":{"allow":["GET"]}}],"collection":[{"href":"https:\/\/obispadodezaratecampana.org\/index.php?rest_route=\/wp\/v2\/posts"}],"about":[{"href":"https:\/\/obispadodezaratecampana.org\/index.php?rest_route=\/wp\/v2\/types\/post"}],"author":[{"embeddable":true,"href":"https:\/\/obispadodezaratecampana.org\/index.php?rest_route=\/wp\/v2\/users\/2"}],"replies":[{"embeddable":true,"href":"https:\/\/obispadodezaratecampana.org\/index.php?rest_route=%2Fwp%2Fv2%2Fcomments&post=7047"}],"version-history":[{"count":2,"href":"https:\/\/obispadodezaratecampana.org\/index.php?rest_route=\/wp\/v2\/posts\/7047\/revisions"}],"predecessor-version":[{"id":7050,"href":"https:\/\/obispadodezaratecampana.org\/index.php?rest_route=\/wp\/v2\/posts\/7047\/revisions\/7050"}],"wp:featuredmedia":[{"embeddable":true,"href":"https:\/\/obispadodezaratecampana.org\/index.php?rest_route=\/wp\/v2\/media\/7048"}],"wp:attachment":[{"href":"https:\/\/obispadodezaratecampana.org\/index.php?rest_route=%2Fwp%2Fv2%2Fmedia&parent=7047"}],"wp:term":[{"taxonomy":"category","embeddable":true,"href":"https:\/\/obispadodezaratecampana.org\/index.php?rest_route=%2Fwp%2Fv2%2Fcategories&post=7047"},{"taxonomy":"post_tag","embeddable":true,"href":"https:\/\/obispadodezaratecampana.org\/index.php?rest_route=%2Fwp%2Fv2%2Ftags&post=7047"}],"curies":[{"name":"wp","href":"https:\/\/api.w.org\/{rel}","templated":true}]}}