{"id":7004,"date":"2014-09-06T12:23:54","date_gmt":"2014-09-06T15:23:54","guid":{"rendered":"http:\/\/obispadodezaratecampana.org\/?p=7004"},"modified":"2014-09-06T13:16:38","modified_gmt":"2014-09-06T16:16:38","slug":"sabado-6-de-septiembre-celebraciones-en-pilar-y-zarate","status":"publish","type":"post","link":"https:\/\/obispadodezaratecampana.org\/?p=7004","title":{"rendered":"S\u00e1bado 6 de septiembre: Celebraciones en Pilar y Z\u00e1rate"},"content":{"rendered":"<p>Queridos amigos, les compartimos esta actualizaci\u00f3n de estado publicada el s\u00e1bado 6 de septiembre por la ma\u00f1ana en el perfil de facebook de Monse\u00f1or Sarlinga al respecto de las celebraciones en la parroquia San Manuel Martir &#8211; La Lonja, Pilar- y la parroquia Beata Teresa de Calcula &#8211; Z\u00e1rate- :<\/p>\n<p><em>Hoy, s\u00e1bado, tienen lugar las fiestas patronales de la parroquia de la Beata Teresa de Calcuta. El cura p\u00e1rroco, Pbro. Alberto Evangelista y su comunidad parroquial me han invitado con mucho amor, y me esperaban. Ayer estuve en el Hogar de la Paz y la Alegr\u00eda, de las hermanas Misioneras de la Caridad de la Madre Teresa (propiamente en el d\u00eda de la bienaventurada Madre) y algunos fieles me comentaron que me esperaban con mucho cari\u00f1o y que de paso pensaban invitarme para la capilla de San Vicente de Pa\u00fal&#8230;. Sinceramente, me ocurri\u00f3 una superposici\u00f3n de fechas (eso me ocurre por tomar fechas e invitaciones directamente, sin pasar por la secretar\u00eda) y hoy mismo, a la misma hora, tengo que acudir a la capilla Ceferino Namuncur\u00e1, de La Lonja (Pilar) donde me espera la comunidad barrial y en especial la comunidad paraguaya o de origen paraguayo, para la misa y entronizaci\u00f3n de Nuestra Se\u00f1ora de Caacup\u00e9. Esta tarde a la Beata Teresa concurrir\u00e1 Mons. Ariel P\u00e9rez, vicario general, quien con mucho cari\u00f1o acept\u00f3 asistir. \u00a1Gracias por la comprensi\u00f3n!. T\u00e9nganme piedad&#8230; y recen por m\u00ed. Yo lo hago por ustedes y los tengo muy en el coraz\u00f3n. Felices fiestas patronales&#8230;. Con mucho cari\u00f1o. +Oscar\u00a0<\/em><\/p>\n<p>Perfil de facebook del Obispo:\u00a0<a title=\"monse\u00f1or \" href=\"https:\/\/www.facebook.com\/monsoscardsarlinga?fref=ts\">https:\/\/www.facebook.com\/monsoscardsarlinga?fref=ts<\/a><\/p>\n<p>Facebook de la pquia. San Manuel Martir:\u00a0<a title=\"manuel\" href=\"https:\/\/www.facebook.com\/parroquiasanmanuel?fref=ts\">https:\/\/www.facebook.com\/parroquiasanmanuel?fref=ts<\/a><\/p>\n<p>Facebook de la pquia. Beata Teresa de Calcuta:\u00a0<a title=\"calcuta\" href=\"https:\/\/www.facebook.com\/beatateresa.calcuta.7?fref=ts\">https:\/\/www.facebook.com\/beatateresa.calcuta.7?fref=ts<\/a><\/p>\n<!-- AddThis Advanced Settings generic via filter on the_content --><!-- AddThis Share Buttons generic via filter on the_content -->","protected":false},"excerpt":{"rendered":"<p>Queridos amigos, les compartimos esta actualizaci\u00f3n de estado publicada el s\u00e1bado 6 de septiembre por la ma\u00f1ana en el perfil de facebook de Monse\u00f1or Sarlinga [&hellip;]<!-- AddThis Advanced Settings generic via filter on get_the_excerpt --><!-- AddThis Share Buttons generic via filter on get_the_excerpt --><\/p>\n","protected":false},"author":2,"featured_media":7011,"comment_status":"open","ping_status":"open","sticky":false,"template":"","format":"standard","meta":{"footnotes":""},"categories":[3],"tags":[],"class_list":["post-7004","post","type-post","status-publish","format-standard","has-post-thumbnail","hentry","category-noticiasparroquiales"],"_links":{"self":[{"href":"https:\/\/obispadodezaratecampana.org\/index.php?rest_route=\/wp\/v2\/posts\/7004","targetHints":{"allow":["GET"]}}],"collection":[{"href":"https:\/\/obispadodezaratecampana.org\/index.php?rest_route=\/wp\/v2\/posts"}],"about":[{"href":"https:\/\/obispadodezaratecampana.org\/index.php?rest_route=\/wp\/v2\/types\/post"}],"author":[{"embeddable":true,"href":"https:\/\/obispadodezaratecampana.org\/index.php?rest_route=\/wp\/v2\/users\/2"}],"replies":[{"embeddable":true,"href":"https:\/\/obispadodezaratecampana.org\/index.php?rest_route=%2Fwp%2Fv2%2Fcomments&post=7004"}],"version-history":[{"count":4,"href":"https:\/\/obispadodezaratecampana.org\/index.php?rest_route=\/wp\/v2\/posts\/7004\/revisions"}],"predecessor-version":[{"id":7016,"href":"https:\/\/obispadodezaratecampana.org\/index.php?rest_route=\/wp\/v2\/posts\/7004\/revisions\/7016"}],"wp:featuredmedia":[{"embeddable":true,"href":"https:\/\/obispadodezaratecampana.org\/index.php?rest_route=\/wp\/v2\/media\/7011"}],"wp:attachment":[{"href":"https:\/\/obispadodezaratecampana.org\/index.php?rest_route=%2Fwp%2Fv2%2Fmedia&parent=7004"}],"wp:term":[{"taxonomy":"category","embeddable":true,"href":"https:\/\/obispadodezaratecampana.org\/index.php?rest_route=%2Fwp%2Fv2%2Fcategories&post=7004"},{"taxonomy":"post_tag","embeddable":true,"href":"https:\/\/obispadodezaratecampana.org\/index.php?rest_route=%2Fwp%2Fv2%2Ftags&post=7004"}],"curies":[{"name":"wp","href":"https:\/\/api.w.org\/{rel}","templated":true}]}}