{"id":7001,"date":"2014-09-06T11:52:36","date_gmt":"2014-09-06T14:52:36","guid":{"rendered":"http:\/\/obispadodezaratecampana.org\/?p=7001"},"modified":"2014-09-06T11:52:36","modified_gmt":"2014-09-06T14:52:36","slug":"crear-una-onu-de-las-religiones","status":"publish","type":"post","link":"https:\/\/obispadodezaratecampana.org\/?p=7001","title":{"rendered":"CREAR UNA &#8220;ONU&#8221; DE LAS RELIGIONES"},"content":{"rendered":"<p>El papa Francisco recibi\u00f3 hoy en el Vaticano al ex presidente de Israel, Shimon Peres, quien le ofreci\u00f3 presidir una nueva Organizaci\u00f3n de Religiones Unidas, seg\u00fan explic\u00f3 &#8220;una ONU de las religiones&#8221;.<\/p>\n<p>La propuesta fue realizada por el ex mandatario hebreo durante su reuni\u00f3n en la Casa de Santa Marta, donde reside el pont\u00edfice, seg\u00fan adelant\u00f3 el mismo Peres en una entrevista a la revista Famiglia Cristiana antes del encuentro.<\/p>\n<p>&#8220;El Santo Padre es un l\u00edder respetado por tantas personas tambi\u00e9n de varias religiones y por sus exponentes. Bueno, creo que es el \u00fanico l\u00edder verdaderamente respetado. Por eso tuve esta idea que le propuse a Francisco&#8221;, explic\u00f3 Peres.<\/p>\n<p>El portavoz del Vaticano, Federico Lombardi, afirm\u00f3 tras el encuentro que Francisco &#8220;escuch\u00f3 con atenci\u00f3n e inter\u00e9s la propuesta de Peres, pero no expres\u00f3 alg\u00fan empe\u00f1o personal&#8221;.<\/p>\n<p>Durante la reuni\u00f3n, que dur\u00f3 unos 45 minutos, Francisco tambi\u00e9n explic\u00f3 a Peres que ya existen dicasterios en el Gobierno de la Iglesia que se ocupan de estas actividades como son el del Di\u00e1logo Interreligioso y el de Justicia y Paz y que sus responsables, los cardenales Kurt Koch y Peter Turkson, respectivamente, &#8220;seguir\u00e1n con atenci\u00f3n esta propuesta&#8221;.<\/p>\n<p>Seg\u00fan el ex presidente israel\u00ed, &#8220;la Organizaci\u00f3n de Naciones Unidas ha vivido su tiempo y ahora lo que sirve es una ONU de las religiones, una Organizaci\u00f3n de las Religiones Unidas&#8221;.<\/p>\n<p>&#8220;Ser\u00eda la mejor manera para acabar con estos terroristas que matan en nombre de la fe, porque la mayor\u00eda de las personas practica sus religiones sin matar a nadie y sin pensarlo siquiera&#8221;, precis\u00f3 el ex mandatario, seg\u00fan consign\u00f3 a agencia de noticias EFE.<\/p>\n<p>Peres, de 91 a\u00f1os, explic\u00f3 que la actual ONU es &#8220;un organismo pol\u00edtico pero no tiene la convicci\u00f3n que producen las religiones&#8221; y que cualquier declaraci\u00f3n de su secretario general &#8220;no tiene la fuerza, ni la eficacia de cualquier homil\u00eda del Papa, que en la Plaza de San Pedro re\u00fane cada vez a medio mill\u00f3n de personas&#8221;.<\/p>\n<p>Adem\u00e1s, durante la reuni\u00f3n, Peres inform\u00f3 al pont\u00edfice argentino de la actual situaci\u00f3n tras el alto el fuego entre palestinos e israel\u00edes.<\/p>\n<p>La oficina de prensa de Peres tambi\u00e9n hab\u00eda explicado que ambos discutir\u00edan sobre las posibles v\u00edas para conseguir la paz en Medio Oriente y &#8220;la respuesta necesaria a la ola de terrorismo en la regi\u00f3n que utiliza la religi\u00f3n como justificaci\u00f3n para su violencia y el extremismo&#8221;.<\/p>\n<p>Peres y el presidente de la Autoridad Nacional Palestina (ANP), Mahmud Abbas hab\u00edan participado el pasado 8 de junio en la jornada de la oraci\u00f3n por la paz en Medio Oriente que organiz\u00f3 el pont\u00edfice en el Vaticano.<\/p>\n<p>Sobre esa jornada, durante el viaje de vuelta desde Corea del Sur, el Papa asegur\u00f3 que &#8220;no fue absolutamente un fracaso&#8221; y que &#8220;la puerta est\u00e1 abierta para la paz&#8221;.<\/p>\n<p>Fuente: www.telam.com.ar<\/p>\n<!-- AddThis Advanced Settings generic via filter on the_content --><!-- AddThis Share Buttons generic via filter on the_content -->","protected":false},"excerpt":{"rendered":"<p>El papa Francisco recibi\u00f3 hoy en el Vaticano al ex presidente de Israel, Shimon Peres, quien le ofreci\u00f3 presidir una nueva Organizaci\u00f3n de Religiones Unidas, [&hellip;]<!-- AddThis Advanced Settings generic via filter on get_the_excerpt --><!-- AddThis Share Buttons generic via filter on get_the_excerpt --><\/p>\n","protected":false},"author":2,"featured_media":7002,"comment_status":"open","ping_status":"open","sticky":false,"template":"","format":"standard","meta":{"footnotes":""},"categories":[161],"tags":[],"class_list":["post-7001","post","type-post","status-publish","format-standard","has-post-thumbnail","hentry","category-el-papa-leonxiv"],"_links":{"self":[{"href":"https:\/\/obispadodezaratecampana.org\/index.php?rest_route=\/wp\/v2\/posts\/7001","targetHints":{"allow":["GET"]}}],"collection":[{"href":"https:\/\/obispadodezaratecampana.org\/index.php?rest_route=\/wp\/v2\/posts"}],"about":[{"href":"https:\/\/obispadodezaratecampana.org\/index.php?rest_route=\/wp\/v2\/types\/post"}],"author":[{"embeddable":true,"href":"https:\/\/obispadodezaratecampana.org\/index.php?rest_route=\/wp\/v2\/users\/2"}],"replies":[{"embeddable":true,"href":"https:\/\/obispadodezaratecampana.org\/index.php?rest_route=%2Fwp%2Fv2%2Fcomments&post=7001"}],"version-history":[{"count":1,"href":"https:\/\/obispadodezaratecampana.org\/index.php?rest_route=\/wp\/v2\/posts\/7001\/revisions"}],"predecessor-version":[{"id":7003,"href":"https:\/\/obispadodezaratecampana.org\/index.php?rest_route=\/wp\/v2\/posts\/7001\/revisions\/7003"}],"wp:featuredmedia":[{"embeddable":true,"href":"https:\/\/obispadodezaratecampana.org\/index.php?rest_route=\/wp\/v2\/media\/7002"}],"wp:attachment":[{"href":"https:\/\/obispadodezaratecampana.org\/index.php?rest_route=%2Fwp%2Fv2%2Fmedia&parent=7001"}],"wp:term":[{"taxonomy":"category","embeddable":true,"href":"https:\/\/obispadodezaratecampana.org\/index.php?rest_route=%2Fwp%2Fv2%2Fcategories&post=7001"},{"taxonomy":"post_tag","embeddable":true,"href":"https:\/\/obispadodezaratecampana.org\/index.php?rest_route=%2Fwp%2Fv2%2Ftags&post=7001"}],"curies":[{"name":"wp","href":"https:\/\/api.w.org\/{rel}","templated":true}]}}