{"id":6994,"date":"2014-09-06T11:27:52","date_gmt":"2014-09-06T14:27:52","guid":{"rendered":"http:\/\/obispadodezaratecampana.org\/?p=6994"},"modified":"2014-09-06T11:35:32","modified_gmt":"2014-09-06T14:35:32","slug":"audiencia-general-del-miercoles-3-de-septiembre","status":"publish","type":"post","link":"https:\/\/obispadodezaratecampana.org\/?p=6994","title":{"rendered":"Audiencia General del Mi\u00e9rcoles 3 de septiembre"},"content":{"rendered":"<p>Ciudad del Vaticano, 3 septiembre 2014 (VIS).- &#8221;Uno no se convierte en cristiano por s\u00ed mismo, con sus propias fuerzas, de forma aut\u00f3noma o en un laboratorio, sino que se genera y crece en la fe dentro del gran cuerpo de la Iglesia -ha dicho esta ma\u00f1ana el Papa en la audiencia general-. La Iglesia es realmente madre, una madre que nos da la vida en Cristo que nos hace vivir junto a otros hermanos en la comuni\u00f3n del Esp\u00edritu Santo&#8221;.<\/p>\n<p>Francisco ha recordado que en esta maternidad, la Iglesia tiene como modelo a la Virgen Mar\u00eda. &#8221;La maternidad de la Iglesia est\u00e1 en continuidad con la de Mar\u00eda&#8230; la Iglesia en la fecundidad del Esp\u00edritu Santo, sigue generando nuevos hijos en Cristo&#8230; El nacimiento de Jes\u00fas en el vientre de Mar\u00eda, en efecto, es preludio del renacer de cada cristiano en el vientre de la Iglesia. Entendemos entonces por qu\u00e9 la relaci\u00f3n que une a Mar\u00eda y a la Iglesia es tan profunda. Mirando a Mar\u00eda, descubrimos el rostro m\u00e1s bello y m\u00e1s tierno de la Iglesia, mirando a la Iglesia, reconocemos las caracter\u00edsticas m\u00e1s sublimes de Mar\u00eda. Los cristianos no somos hu\u00e9rfanos&#8221;.<\/p>\n<p>El Papa ha se\u00f1alado que la Iglesia es nuestra madre al habernos concebido en el Bautismo y c\u00f3mo &#8221;desde ese d\u00eda, como madre afectuosa nos hace crecer en la fe y nos indica con la fuerza de la Palabra de Dios, el camino de salvaci\u00f3n, defendi\u00e9ndonos del mal&#8221;. La maternidad de la Iglesia se manifiesta de forma particular en el servicio de evangelizaci\u00f3n, al cual se dedica como una madre que ofrece a sus hijos el alimento espiritual que nutre y hace fructificar la vida cristiana. Y es con la fuerza del Evangelio y el apoyo de los Sacramentos que la Iglesia nos gu\u00eda y acompa\u00f1a por el camino de salvaci\u00f3n y nos da la capacidad de defendernos del mal como una madre valiente que defiende a sus propios hijos de los peligros del mundo.<\/p>\n<p>A pesar de que Dios haya vencido a Satan\u00e1s, \u00e9ste siempre regresa con sus tentaciones, ha advertido el pont\u00edfice, subrayando que &#8221;no debemos ser ingenuos , sino estar atentos y permanecer firmes en la fe con los consejos y la ayuda de la madre Iglesia que, como tal, acompa\u00f1a a sus hijos en los momentos dif\u00edciles&#8221;. Tambi\u00e9n ha animado a los presentes a no olvidar que la Iglesia somos todos los bautizados y a no ser cobardes y dar testimonio de esta maternidad. &#8221;Confiemos en Mar\u00eda -ha finalizado- para que nos ense\u00f1e a imitar su esp\u00edritu materno hacia nuestros hermanos, con la capacidad sincera de acoger, de perdonar, de dar fuerza e infundir confianza y esperanza&#8221;.<\/p>\n<p>A LOS FIELES IRAQU\u00cdES: LA IGLESIA SUFRE A VUESTRO LADO Y EST\u00c1 ORGULLOSA DE VOSOTROS<\/p>\n<p>En los saludos en diversos idiomas, al final de la catequesis de la audiencia general, el Papa habl\u00f3 a los peregrinos de lengua \u00e1rabe, en particular a los procedentes de Iraq, record\u00e1ndoles que la Iglesia es madre y , al igual que sabe acompa\u00f1ar al hijo necesitado y buscar al perdido, tambi\u00e9n sabe &#8221;defender a los hijos indefensos y perseguidos&#8221;. &#8221;Hoy -dijo- quisiera asegurar, especialmente a estos \u00faltimos, a los indefensos y perseguidos, la cercan\u00eda: \u00a1est\u00e1is en el coraz\u00f3n de la Iglesia, la Iglesia sufre con vosotros y est\u00e1 orgullosa de vosotros, orgullosa de tener hijos como vosotros, sois su fuerza y el testimonio concreto y aut\u00e9ntico de su mensaje de salvaci\u00f3n, de perd\u00f3n y de amor\u00a1 Os abrazo a todos, a todos,\u00a1Que el Se\u00f1or os bendiga y os proteja siempre!.<\/p>\n<p>Despu\u00e9s habl\u00f3 a los peregrinos de Polonia en que algunas ciudades recuerdan estos d\u00edas el 75 aniversario de la segunda Guerra Mundial. &#8221;Confiemos a la misericordia de Dios a los que perdieron la vida por amor de la patria y de los hermanos -se\u00f1al\u00f3- e invoquemos el don de la paz para todas las naciones de Europa y del mundo. Hoy, especialmente tenemos necesidad de la paz. Invoquemos el don de la paz por intercesi\u00f3n de Mar\u00eda, Reina de la Paz&#8221;.<\/p>\n<p>Por \u00faltimo, saludando a los fieles procedentes de la di\u00f3cesis italiana de Terni-Narni-Amelia, expres\u00f3 su preocupaci\u00f3n por la grave situaci\u00f3n que viven muchas familias de Terni debido a los proyectos de la empresa Thyssenkrupp y renov\u00f3 el llamamiento para que &#8221;no prevalezca la l\u00f3gica del beneficio, sino la de la solidaridad y la justicia. En el centro de cualquier cuesti\u00f3n, tambi\u00e9n la laboral, est\u00e1 siempre la persona y su dignidad. \u00a1Con el trabajo no se juega! Y el que por motivos de dinero, de negocios, de ganar m\u00e1s, deja sin trabajo, tiene que saber que est\u00e1 quitando la dignidad a las personas&#8221;.<\/p>\n<p>Fuente: www.news.va<\/p>\n<!-- AddThis Advanced Settings generic via filter on the_content --><!-- AddThis Share Buttons generic via filter on the_content -->","protected":false},"excerpt":{"rendered":"<p>Ciudad del Vaticano, 3 septiembre 2014 (VIS).- &#8221;Uno no se convierte en cristiano por s\u00ed mismo, con sus propias fuerzas, de forma aut\u00f3noma o en [&hellip;]<!-- AddThis Advanced Settings generic via filter on get_the_excerpt --><!-- AddThis Share Buttons generic via filter on get_the_excerpt --><\/p>\n","protected":false},"author":2,"featured_media":6995,"comment_status":"open","ping_status":"open","sticky":false,"template":"","format":"standard","meta":{"footnotes":""},"categories":[161],"tags":[],"class_list":["post-6994","post","type-post","status-publish","format-standard","has-post-thumbnail","hentry","category-el-papa-leonxiv"],"_links":{"self":[{"href":"https:\/\/obispadodezaratecampana.org\/index.php?rest_route=\/wp\/v2\/posts\/6994","targetHints":{"allow":["GET"]}}],"collection":[{"href":"https:\/\/obispadodezaratecampana.org\/index.php?rest_route=\/wp\/v2\/posts"}],"about":[{"href":"https:\/\/obispadodezaratecampana.org\/index.php?rest_route=\/wp\/v2\/types\/post"}],"author":[{"embeddable":true,"href":"https:\/\/obispadodezaratecampana.org\/index.php?rest_route=\/wp\/v2\/users\/2"}],"replies":[{"embeddable":true,"href":"https:\/\/obispadodezaratecampana.org\/index.php?rest_route=%2Fwp%2Fv2%2Fcomments&post=6994"}],"version-history":[{"count":3,"href":"https:\/\/obispadodezaratecampana.org\/index.php?rest_route=\/wp\/v2\/posts\/6994\/revisions"}],"predecessor-version":[{"id":6999,"href":"https:\/\/obispadodezaratecampana.org\/index.php?rest_route=\/wp\/v2\/posts\/6994\/revisions\/6999"}],"wp:featuredmedia":[{"embeddable":true,"href":"https:\/\/obispadodezaratecampana.org\/index.php?rest_route=\/wp\/v2\/media\/6995"}],"wp:attachment":[{"href":"https:\/\/obispadodezaratecampana.org\/index.php?rest_route=%2Fwp%2Fv2%2Fmedia&parent=6994"}],"wp:term":[{"taxonomy":"category","embeddable":true,"href":"https:\/\/obispadodezaratecampana.org\/index.php?rest_route=%2Fwp%2Fv2%2Fcategories&post=6994"},{"taxonomy":"post_tag","embeddable":true,"href":"https:\/\/obispadodezaratecampana.org\/index.php?rest_route=%2Fwp%2Fv2%2Ftags&post=6994"}],"curies":[{"name":"wp","href":"https:\/\/api.w.org\/{rel}","templated":true}]}}