{"id":6982,"date":"2014-09-01T15:23:42","date_gmt":"2014-09-01T18:23:42","guid":{"rendered":"http:\/\/obispadodezaratecampana.org\/?p=6982"},"modified":"2014-09-01T15:25:35","modified_gmt":"2014-09-01T18:25:35","slug":"decanatos-de-escobar-y-pilar-invitacion-caritas","status":"publish","type":"post","link":"https:\/\/obispadodezaratecampana.org\/?p=6982","title":{"rendered":"DECANATOS DE ESCOBAR Y PILAR: INVITACION CARITAS"},"content":{"rendered":"<p style=\"text-align: center;\"><strong>\u2026\u201daliento a todas las comunidades a una \u00absiempre vigilante capacidad de estudiar los signos de los tiempos\u201d ( EG. 51)<\/strong><\/p>\n<p>Queridos voluntarios y voluntarias de Caritas:<\/p>\n<p>Con entusiasmo los invitamos a participar del encuentro de formaci\u00f3n para los decanatos de Escobar y Pilar.<\/p>\n<p>El mismo se llevara a cabo el d\u00eda s\u00e1bado 6 de septiembre en la Parroquia del centro de Pilar, el horario ser\u00e1 de 9 de la ma\u00f1ana a 13: 30 hs.<\/p>\n<p>El objetivo de encontrarnos es para continuar profundizando e intentar renovar las distintas miradas que tenemos de la realidad, para discernir en comunidad donde estamos, que queremos, como acompa\u00f1amos.<\/p>\n<p>Creemos que el Dios de Vida, verdaderamente \u00a0est\u00e1 presente en nuestras comunidades y como voluntarios de caritas queremos descubrir Su Paso en este tiempo de la historia de nuestra di\u00f3cesis.<\/p>\n<p>Recordemos que este a\u00f1o estamos en tiempo de \u201cCaminata\u201d, queremos aprovechar con ustedes los criterios que nos ofrece Caritas Nacional para fortalecer nuestras acciones en la distintas Parroquias.<\/p>\n<p>El Papa Francisco bendijo una imagen de nuestra Se\u00f1ora de Lujan \u00a1que est\u00e1 recorriendo nuestras di\u00f3cesis, nuestras caritas!; ella est\u00e1 visitando los lugares en donde la vida es amenazada o est\u00e1 siendo transformada. Ella estar\u00e1 en nuestra di\u00f3cesis en la segunda quincena de septiembre\u2026 \u00bfnos animaremos a recibirla y estar con ella a los lugares de \u201cperiferia\u201d, como lo dice el Francisco?<\/p>\n<p>Para crecer en ese entusiasmo los esperamos a este \u201cencuentro de formaci\u00f3n\u201d.<\/p>\n<p>&nbsp;<\/p>\n<p style=\"text-align: right;\">EQUIPO DE ANIMACION &#8211;\u00a0 FORMACION<\/p>\n<p style=\"text-align: right;\">\u00a0 \u00a0 \u00a0 \u00a0 \u00a0 \u00a0 \u00a0 \u00a0 \u00a0 \u00a0 \u00a0 \u00a0 \u00a0 \u00a0 \u00a0 \u00a0 \u00a0CARITAS DIOCESANA<\/p>\n<p style=\"text-align: center;\">Que Dios bendiga cada comunidad, rezamos por ustedes\u2026<\/p>\n<p style=\"text-align: center;\">\u00a0 \u00a0 \u00a0 \u00a0 \u00a0 \u00a0 \u00a0 \u00a0 \u00a0 \u00a0 \u00a0 \u00a0 \u00a0 \u00a0 \u00a0 \u00a0 \u00a0 \u00a0 \u00a0 \u00a0 \u00a0 \u00a0 \u00a0 \u00a0 \u00a0 \u00a0 \u00a0 \u00a0 \u00a0 \u00a0 \u00a0 \u00a0 \u00a0 \u00a0 \u00a0 \u00a0 Equipo de Formaci\u00f3n- Caritas diocesana<\/p>\n<!-- AddThis Advanced Settings generic via filter on the_content --><!-- AddThis Share Buttons generic via filter on the_content -->","protected":false},"excerpt":{"rendered":"<p>\u2026\u201daliento a todas las comunidades a una \u00absiempre vigilante capacidad de estudiar los signos de los tiempos\u201d ( EG. 51) Queridos voluntarios y voluntarias de [&hellip;]<!-- AddThis Advanced Settings generic via filter on get_the_excerpt --><!-- AddThis Share Buttons generic via filter on get_the_excerpt --><\/p>\n","protected":false},"author":2,"featured_media":6763,"comment_status":"open","ping_status":"open","sticky":false,"template":"","format":"standard","meta":{"footnotes":""},"categories":[5],"tags":[],"class_list":["post-6982","post","type-post","status-publish","format-standard","has-post-thumbnail","hentry","category-generales"],"_links":{"self":[{"href":"https:\/\/obispadodezaratecampana.org\/index.php?rest_route=\/wp\/v2\/posts\/6982","targetHints":{"allow":["GET"]}}],"collection":[{"href":"https:\/\/obispadodezaratecampana.org\/index.php?rest_route=\/wp\/v2\/posts"}],"about":[{"href":"https:\/\/obispadodezaratecampana.org\/index.php?rest_route=\/wp\/v2\/types\/post"}],"author":[{"embeddable":true,"href":"https:\/\/obispadodezaratecampana.org\/index.php?rest_route=\/wp\/v2\/users\/2"}],"replies":[{"embeddable":true,"href":"https:\/\/obispadodezaratecampana.org\/index.php?rest_route=%2Fwp%2Fv2%2Fcomments&post=6982"}],"version-history":[{"count":2,"href":"https:\/\/obispadodezaratecampana.org\/index.php?rest_route=\/wp\/v2\/posts\/6982\/revisions"}],"predecessor-version":[{"id":6984,"href":"https:\/\/obispadodezaratecampana.org\/index.php?rest_route=\/wp\/v2\/posts\/6982\/revisions\/6984"}],"wp:featuredmedia":[{"embeddable":true,"href":"https:\/\/obispadodezaratecampana.org\/index.php?rest_route=\/wp\/v2\/media\/6763"}],"wp:attachment":[{"href":"https:\/\/obispadodezaratecampana.org\/index.php?rest_route=%2Fwp%2Fv2%2Fmedia&parent=6982"}],"wp:term":[{"taxonomy":"category","embeddable":true,"href":"https:\/\/obispadodezaratecampana.org\/index.php?rest_route=%2Fwp%2Fv2%2Fcategories&post=6982"},{"taxonomy":"post_tag","embeddable":true,"href":"https:\/\/obispadodezaratecampana.org\/index.php?rest_route=%2Fwp%2Fv2%2Ftags&post=6982"}],"curies":[{"name":"wp","href":"https:\/\/api.w.org\/{rel}","templated":true}]}}