{"id":6980,"date":"2014-09-01T15:07:36","date_gmt":"2014-09-01T18:07:36","guid":{"rendered":"http:\/\/obispadodezaratecampana.org\/?p=6980"},"modified":"2014-09-01T15:07:36","modified_gmt":"2014-09-01T18:07:36","slug":"domingo-31-de-agosto-francisco","status":"publish","type":"post","link":"https:\/\/obispadodezaratecampana.org\/?p=6980","title":{"rendered":"Domingo 31 de agosto: Francisco"},"content":{"rendered":"<p>Ciudad del Vaticano, 31 de agosto de 2014 (VIS).-A mediod\u00eda del d\u00eda domingo, el Santo Padre se asom\u00f3, a la ventana de su estudio para rezar el \u00c1ngelus con los fieles reunidos en la Plaza de San Pedro y coment\u00f3 el evangelio de hoy que narra, como Jes\u00fas despu\u00e9s de haber verificado que Pedro y los otros once hab\u00edan cre\u00eddo en \u00c9l como Mes\u00edas e Hijo de Dios, comenz\u00f3 a explicarles que deb\u00eda ir a Jerusal\u00e9n y sufrir mucho, ser asesinado y resucitar al tercer d\u00eda. Se trata -dijo- de un momento cr\u00edtico en que emerge el contraste entre el modo de pensar de Jes\u00fas y el de los disc\u00edpulos. Hasta Pedro siente el deber de rega\u00f1ar al Maestro, porque no puede atribuir al Mes\u00edas un final tan innoble Entonces Jes\u00fas, a su vez, rega\u00f1a duramente a Pedro, lo endereza, porque no piensa seg\u00fan Dios, sino seg\u00fan los hombres y sin darse cuenta act\u00faa como Satan\u00e1s, el tentador.<\/p>\n<p>Es un tema sobre el que, en la liturgia dominical, insiste tambi\u00e9n el ap\u00f3stol Pablo, en su Carta a los Romanos cuando afirma que los cristianos no se deben conformar a este mundo, sino transformarlo para discernir la voluntad de Dios.<\/p>\n<p>&#8221;Efectivamente -prosigui\u00f3 el Papa- nosotros los cristianos vivimos en el mundo, insertados plenamente en la realidad social y cultural de nuestro tiempo, y es justo que sea as\u00ed; pero esto lleva aparejado el peligro de que nos convirtamos en mundanos, de que la sal pierda el sabor?como dir\u00eda Jes\u00fas, es decir de que el cristiano se ag\u00fce, pierda la carga de novedad que viene del Se\u00f1or, del Esp\u00edritu Santo&#8221;. &#8221;En cambio deber\u00eda de ser al contrario: cuando en los cristianos permanece viva la fuerza del Evangelio, esa puede transformar los criterios de juicio, los valores determinantes, los puntos de inter\u00e9s, las l\u00edneas de pensamiento, las fuentes de inspiraci\u00f3n y los modelos de vida, subray\u00f3 Francisco citando las palabras de Pablo VI.<\/p>\n<p>&#8221;\u00a1Es triste encontrar cristianos aguados, como puede serlo el vino y no saber si son cristianos o mundanos, como el vino aguado que no se sabe si es vino o agua!. Es triste encontrar cristianos que ya no son la sal de la tierra&#8230; porque se han entregado al esp\u00edritu del mundo, es decir, se han convertidos en mundanos. Por eso es necesario renovarse continuamente nutri\u00e9ndose de la linfa del Evangelio&#8230; leyendo y meditando el Evangelio todos los d\u00edas, as\u00ed la Palabra de Jes\u00fas estar\u00e1 siempre presente en nuestra vida&#8221;, afirm\u00f3 el Pont\u00edfice, invitando de nuevo a todos a llevar siempre consigo un evangelio en el bolsillo, en la cartera y leer todos los d\u00edas un pasaje.<\/p>\n<p>La renovaci\u00f3n tambi\u00e9n viene de la participando en la Misa dominical, &#8221;donde encontramos al Se\u00f1or en la comunidad, escuchando su Palabra y recibiendo la Eucarist\u00eda que nos une a \u00c9l y entre nosotros&#8221;, as\u00ed como de las jornadas de retiro y de ejercicios espirituales&#8221;.<\/p>\n<p>&#8221;Gracias a estos dones del Se\u00f1or -concluy\u00f3- podemos conformarnos a Cristo y no al mundo, y seguirlo en su camino. el camino de perder la propia vida para encontrarla, para ofrecer la por amor, en el amor \u00a0y esto comporta el sacrificio, la cruz \u00a0para recibirla nuevamente purificada, liberada del ego\u00edsmo y de la hipoteca de la muerte, llena de eternidad&#8221;.<\/p>\n<p>Fuente: www.news.va<\/p>\n<!-- AddThis Advanced Settings generic via filter on the_content --><!-- AddThis Share Buttons generic via filter on the_content -->","protected":false},"excerpt":{"rendered":"<p>Ciudad del Vaticano, 31 de agosto de 2014 (VIS).-A mediod\u00eda del d\u00eda domingo, el Santo Padre se asom\u00f3, a la ventana de su estudio para [&hellip;]<!-- AddThis Advanced Settings generic via filter on get_the_excerpt --><!-- AddThis Share Buttons generic via filter on get_the_excerpt --><\/p>\n","protected":false},"author":2,"featured_media":6890,"comment_status":"open","ping_status":"open","sticky":false,"template":"","format":"standard","meta":{"footnotes":""},"categories":[161],"tags":[],"class_list":["post-6980","post","type-post","status-publish","format-standard","has-post-thumbnail","hentry","category-el-papa-leonxiv"],"_links":{"self":[{"href":"https:\/\/obispadodezaratecampana.org\/index.php?rest_route=\/wp\/v2\/posts\/6980","targetHints":{"allow":["GET"]}}],"collection":[{"href":"https:\/\/obispadodezaratecampana.org\/index.php?rest_route=\/wp\/v2\/posts"}],"about":[{"href":"https:\/\/obispadodezaratecampana.org\/index.php?rest_route=\/wp\/v2\/types\/post"}],"author":[{"embeddable":true,"href":"https:\/\/obispadodezaratecampana.org\/index.php?rest_route=\/wp\/v2\/users\/2"}],"replies":[{"embeddable":true,"href":"https:\/\/obispadodezaratecampana.org\/index.php?rest_route=%2Fwp%2Fv2%2Fcomments&post=6980"}],"version-history":[{"count":1,"href":"https:\/\/obispadodezaratecampana.org\/index.php?rest_route=\/wp\/v2\/posts\/6980\/revisions"}],"predecessor-version":[{"id":6981,"href":"https:\/\/obispadodezaratecampana.org\/index.php?rest_route=\/wp\/v2\/posts\/6980\/revisions\/6981"}],"wp:featuredmedia":[{"embeddable":true,"href":"https:\/\/obispadodezaratecampana.org\/index.php?rest_route=\/wp\/v2\/media\/6890"}],"wp:attachment":[{"href":"https:\/\/obispadodezaratecampana.org\/index.php?rest_route=%2Fwp%2Fv2%2Fmedia&parent=6980"}],"wp:term":[{"taxonomy":"category","embeddable":true,"href":"https:\/\/obispadodezaratecampana.org\/index.php?rest_route=%2Fwp%2Fv2%2Fcategories&post=6980"},{"taxonomy":"post_tag","embeddable":true,"href":"https:\/\/obispadodezaratecampana.org\/index.php?rest_route=%2Fwp%2Fv2%2Ftags&post=6980"}],"curies":[{"name":"wp","href":"https:\/\/api.w.org\/{rel}","templated":true}]}}