{"id":6966,"date":"2014-08-30T11:28:03","date_gmt":"2014-08-30T14:28:03","guid":{"rendered":"http:\/\/obispadodezaratecampana.org\/?p=6966"},"modified":"2014-08-30T11:31:09","modified_gmt":"2014-08-30T14:31:09","slug":"mons-rivas-diserto-a-sala-llena-sobre-la-misericordia-de-dios","status":"publish","type":"post","link":"https:\/\/obispadodezaratecampana.org\/?p=6966","title":{"rendered":"Mons. Rivas disert\u00f3 a sala llena sobre la misericordia de Dios (con audios completos)"},"content":{"rendered":"<p>El pasado 29 de agosto Mons. Luis Rivas, prestigioso te\u00f3logo y biblista argentino, disert\u00f3 acerca de la misericordia de Dios en la biblia. El evento se llev\u00f3 a cabo en el teatro Pedro Barbero de la ciudad de Campana y se vio colmado por participantes de diversos partidos de nuestra di\u00f3cesis.<\/p>\n<p>La conferencia fue organizada por el Instituto de Formaci\u00f3n Superior Docente y T\u00e9cnica San Pedro y San Pablo y auspiciado por la Catedral Santa Florentina y la Secretar\u00eda de Cultura y Educaci\u00f3n del municipio de Campana. El mismo const\u00f3 de dos partes: Mons. Rivas se refiri\u00f3 en primer lugar a la misericordia de Dios en el Antiguo Testamento, como figura de lo que vendr\u00eda despu\u00e9s con la encarnaci\u00f3n del Hijo de Dios, y luego al Nuevo Testamento, como buena nueva para el cristiano y forma de vida de la Iglesia Cat\u00f3lica.<\/p>\n<p>&nbsp;<\/p>\n<p>Escuchar la primera parte: la misericordia de Dios en el antiguo testamento<\/p>\n<p><audio controls=\"controls\"><source src=\"http:\/\/www.obispadodezaratecampana.org\/wp-content\/uploads\/2014\/08\/ZOOM0090.MP3\" type=\"audio\/mpeg\"><embed height=\"50\" width=\"100\" src=\"http:\/\/www.obispadodezaratecampana.org\/wp-content\/uploads\/2014\/08\/ZOOM0090.MP3\"><\/audio><\/p>\n<p>Escuchar la segunda parte: la misericordia de Dios en el nuevo testamento<br \/>\n<audio controls=\"controls\"><source src=\"http:\/\/www.obispadodezaratecampana.org\/wp-content\/uploads\/2014\/08\/ZOOM0091.mp3\" type=\"audio\/mpeg\"><embed height=\"50\" width=\"100\" src=\"http:\/\/www.obispadodezaratecampana.org\/wp-content\/uploads\/2014\/08\/ZOOM0091.mp3\"><\/audio><\/p>\n<!-- AddThis Advanced Settings generic via filter on the_content --><!-- AddThis Share Buttons generic via filter on the_content -->","protected":false},"excerpt":{"rendered":"<p>El pasado 29 de agosto Mons. Luis Rivas, prestigioso te\u00f3logo y biblista argentino, disert\u00f3 acerca de la misericordia de Dios en la biblia. El evento [&hellip;]<!-- AddThis Advanced Settings generic via filter on get_the_excerpt --><!-- AddThis Share Buttons generic via filter on get_the_excerpt --><\/p>\n","protected":false},"author":1,"featured_media":6967,"comment_status":"open","ping_status":"open","sticky":false,"template":"","format":"standard","meta":{"footnotes":""},"categories":[1],"tags":[],"class_list":["post-6966","post","type-post","status-publish","format-standard","has-post-thumbnail","hentry","category-noticiasdiocesanas"],"_links":{"self":[{"href":"https:\/\/obispadodezaratecampana.org\/index.php?rest_route=\/wp\/v2\/posts\/6966","targetHints":{"allow":["GET"]}}],"collection":[{"href":"https:\/\/obispadodezaratecampana.org\/index.php?rest_route=\/wp\/v2\/posts"}],"about":[{"href":"https:\/\/obispadodezaratecampana.org\/index.php?rest_route=\/wp\/v2\/types\/post"}],"author":[{"embeddable":true,"href":"https:\/\/obispadodezaratecampana.org\/index.php?rest_route=\/wp\/v2\/users\/1"}],"replies":[{"embeddable":true,"href":"https:\/\/obispadodezaratecampana.org\/index.php?rest_route=%2Fwp%2Fv2%2Fcomments&post=6966"}],"version-history":[{"count":4,"href":"https:\/\/obispadodezaratecampana.org\/index.php?rest_route=\/wp\/v2\/posts\/6966\/revisions"}],"predecessor-version":[{"id":6974,"href":"https:\/\/obispadodezaratecampana.org\/index.php?rest_route=\/wp\/v2\/posts\/6966\/revisions\/6974"}],"wp:featuredmedia":[{"embeddable":true,"href":"https:\/\/obispadodezaratecampana.org\/index.php?rest_route=\/wp\/v2\/media\/6967"}],"wp:attachment":[{"href":"https:\/\/obispadodezaratecampana.org\/index.php?rest_route=%2Fwp%2Fv2%2Fmedia&parent=6966"}],"wp:term":[{"taxonomy":"category","embeddable":true,"href":"https:\/\/obispadodezaratecampana.org\/index.php?rest_route=%2Fwp%2Fv2%2Fcategories&post=6966"},{"taxonomy":"post_tag","embeddable":true,"href":"https:\/\/obispadodezaratecampana.org\/index.php?rest_route=%2Fwp%2Fv2%2Ftags&post=6966"}],"curies":[{"name":"wp","href":"https:\/\/api.w.org\/{rel}","templated":true}]}}