{"id":6960,"date":"2014-08-28T20:26:14","date_gmt":"2014-08-28T23:26:14","guid":{"rendered":"http:\/\/obispadodezaratecampana.org\/?p=6960"},"modified":"2014-08-28T20:26:14","modified_gmt":"2014-08-28T23:26:14","slug":"las-habladurias-que-dividen-son-humanas-pero-no-cristianas","status":"publish","type":"post","link":"https:\/\/obispadodezaratecampana.org\/?p=6960","title":{"rendered":"Las habladurias que dividen son humanas, pero no cristianas"},"content":{"rendered":"<p>Pecadores que experimentamos cada d\u00eda las propias fragilidades y las propias miserias formamos la Iglesia que es, sin embargo, \u00abuna\u00bb y \u00absanta\u00bb, como afirmamos en el Credo \u2013explic\u00f3 el Obispo de Roma en la Catequesis del mi\u00e9rcoles 27 de agosto-. La Iglesia es una porque tiene su origen en Dios uno y trino, misterio de unidad y de comuni\u00f3n plena. Es santa \u2013dijo-, porque est\u00e1 fundada en Jesucristo, animada por su Santo Esp\u00edritu, colmada de su amor y salvaci\u00f3n.<\/p>\n<p>Francisco manifest\u00f3 que \u201cla experiencia nos dice que son tantos los pecados contra la unidad. A veces nuestras parroquias, llamadas a ser lugares de comuni\u00f3n para compartir, son tristemente marcadas por la envidia, los celos, las antipat\u00edas&#8230;Y las habladur\u00edas est\u00e1n a la mano de todos. Pero esto \u00a1no es la Iglesia! Esto no se debe hacer. Es humano, \u00a1pero no es cristiano! Esto sucede cuando apuntamos a los primeros puestos; cuando nos ponemos en el centro, con nuestras ambiciones personales y nuestras formas de ver las cosas, y juzgamos a los dem\u00e1s; cuando nos fijamos en los defectos de los hermanos, en lugar de sus cualidades; cuando damos m\u00e1s importancia a lo que nos divide en lugar de aquello que nos une&#8230;\u201d afirm\u00f3.<\/p>\n<p>Por esto el Papa inst\u00f3 a hacer un serio examen de conciencia. \u201cEn una comunidad cristiana, la divisi\u00f3n es uno de los pecados m\u00e1s graves, porque la hace signo no de la obra de Dios, sino del diablo que por definici\u00f3n es aquel que separa, que arruina las relaciones, que insin\u00faa prejuicios \u2013manifest\u00f3-. Dios, en cambio, quiere que crezcamos en la capacidad de acogernos, de perdonar y de querernos bien, para parecernos cada vez m\u00e1s a \u00c9l, que es comuni\u00f3n y amor. En esto est\u00e1 la santidad de la Iglesia: en el reconocerse a imagen de Dios, colmada de su misericordia y de su gracia\u201d.<\/p>\n<p>Por eso, reflexion\u00f3 el Sucesor de Pedro, \u201cesta fe que profesamos nos empuja a la conversi\u00f3n, a tener el valor de vivir cotidianamente la unidad y santidad. Si nosotros no estamos unidos, no somos santos, es porque no somos fieles a Jes\u00fas\u201d. Y el Papa insisti\u00f3: \u201cPero Jes\u00fas \u00a1nos perdona! Siempre que nosotros nos dejemos perdonar. \u00c9l est\u00e1 siempre con nosotros ayud\u00e1ndonos a ser menos pecadores, m\u00e1s santos, m\u00e1s unidos\u201d.<\/p>\n<p>En este marco Francisco relat\u00f3 que una vez escuch\u00f3 algo muy interesante y bello de una anciana que hab\u00eda trabajado toda su vida en la parroquia y uno que la conoc\u00eda bien dijo: \u201cesta persona jam\u00e1s ha hablado mal, jam\u00e1s particip\u00f3 de habladur\u00edas, siempre ten\u00eda una sonrisa\u201d. \u00a1Una persona as\u00ed podr\u00eda ser canonizada ma\u00f1ana!, afirm\u00f3 Francisco, es un hermoso ejemplo.<\/p>\n<p>\u201cQueridos amigos \u2013concluy\u00f3 el Obispo de Roma-, hagamos resonar en nuestro coraz\u00f3n estas palabras de Jes\u00fas: \u00abFelices los que trabajan por la paz, porque ser\u00e1n llamados hijos de Dios\u00bb (Mt 5,9). Pedimos sinceramente perd\u00f3n por todas las veces que hemos sido motivo de divisi\u00f3n o de incomprensi\u00f3n al interno de nuestras comunidades, sabiendo bien que no se llega a la comuni\u00f3n, sino es a trav\u00e9s de la continua conversi\u00f3n. \u00bfY qu\u00e9 es la conversi\u00f3n?: \u201cSe\u00f1or, dame la gracia de no hablar mal, de no criticar, de no chismorrear, de querer bien a todos\u201d. \u00a1Es una gracia que el Se\u00f1or nos da! Esto es convertir el coraz\u00f3n, \u00bfno? Y pedimos que el tejido cotidiano de nuestras relaciones pueda convertirse en un reflejo siempre m\u00e1s bello y gozoso de la relaci\u00f3n entre Jes\u00fas y el Padre\u201d.<\/p>\n<p><strong>Catequesis completa de Papa Francisco<\/strong><\/p>\n<p>La Iglesia Una y Santa<\/p>\n<p>Queridos hermanos y hermanas, buenos d\u00edas:<br \/>\ncada vez que renovamos nuestra profesi\u00f3n de fe recitando el \u201cCredo\u201d, afirmamos que la Iglesia es \u00abuna\u00bb y \u00absanta\u00bb. Es una, porque tiene su origen en Dios Trinidad, misterio de unidad y de comuni\u00f3n plena. Y la Iglesia es santa, porque est\u00e1 fundada en Jesucristo, animada por su Santo Esp\u00edritu, colmada por su amor y por su salvaci\u00f3n. Al mismo tiempo, sin embargo, es santa pero compuesta por pecadores, todos nosotros. Pecadores que experimentamos cada d\u00eda las propias fragilidades y las propias miserias. As\u00ed, esta fe que profesamos nos mueve a la conversi\u00f3n, a tener el valor de vivir cotidianamente la unidad y santidad; y si nosotros no estamos unidos, si no somos santos, es porque no somos fieles a Jes\u00fas. Pero \u00c9l, Jes\u00fas, no nos deja solos, no abandona a su Iglesia. \u00c9l camina con nosotros, \u00c9l nos comprende. Comprende nuestras debilidades, nuestros pecados, \u00a1nos perdona! Siempre que nosotros nos dejemos perdonar, \u00bfno? Pero \u00c9l est\u00e1 siempre con nosotros ayud\u00e1ndonos a ser menos pecadores, m\u00e1s santos, m\u00e1s unidos.<br \/>\n1. El primer consuelo nos llega del hecho que Jes\u00fas rez\u00f3 tanto por la unidad de sus disc\u00edpulos. Es la oraci\u00f3n de la \u00faltima cena, Jes\u00fas pidi\u00f3 tanto: \u201cPadre que sean uno\u201d. Rez\u00f3 por la unidad. Y justo en la inminencia de la Pasi\u00f3n, cuando estaba a punto de ofrecer toda su vida por nosotros. Es aquello que estamos invitados a leer y meditar continuamente, en una las p\u00e1ginas m\u00e1s intensas y conmovedoras del Evangelio de Juan, el cap\u00edtulo diecisiete (cf. vv. 11,21-23). \u00a1Qu\u00e9 bello es saber que el Se\u00f1or, apenas antes de morir, no se preocup\u00f3 por s\u00ed mismo, sino que pens\u00f3 en nosotros! Y en su di\u00e1logo intenso con el Padre, or\u00f3 justamente para que podamos ser una cosa sola con \u00c9l y entre nosotros. Es decir: con estas palabras, Jes\u00fas se hizo nuestro intercesor ante el Padre, para que tambi\u00e9n nosotros podamos entrar en la plena comuni\u00f3n de amor con \u00c9l; al mismo tiempo, nos conf\u00eda este deseo como su testamento espiritual, para que la unidad pueda volverse siempre m\u00e1s la nota distintiva de nuestras comunidades cristianas y la respuesta m\u00e1s bella a cualquier persona que nos pregunte la raz\u00f3n de la esperanza que hay en nosotros (cf. 1 Pt 3, 15). La unidad.<br \/>\n2. \u00abQue todos sean uno: como t\u00fa, Padre, est\u00e1s en m\u00ed y yo en ti, que tambi\u00e9n ellos sean uno en nosotros, para que el mundo crea que t\u00fa me enviaste\u00bb. (Jn 17,21). La Iglesia ha buscado desde el principio realizar este prop\u00f3sito, que es tan querido por Jes\u00fas. Los Hechos de los Ap\u00f3stoles nos recuerdan que los primeros cristianos se distingu\u00edan por el hecho de tener \u201cun solo coraz\u00f3n y una sola alma\u201d (Hch 4,32); el ap\u00f3stol Pablo, despu\u00e9s, exhortaba a sus comunidades a no olvidar que son \u00abun solo cuerpo\u00bb (1 Cor 12,13)\u2026hemos o\u00eddo en las lecturas. La experiencia, sin embargo, nos dice que son tantos los pecados contra la unidad. Y no pensamos solamente en los cismas, pensamos en faltas muy comunes en nuestras comunidades, en pecados \u201cparroquiales\u201d, en los pecados en las parroquias. A veces, de hecho, nuestras parroquias, llamadas a ser lugares de comuni\u00f3n y donde compartir, son tristemente marcadas por la envidia, los celos, las antipat\u00edas&#8230;Y las habladur\u00edas est\u00e1n a la mano de todos \u00bfeh? \u00a1Cu\u00e1nto se habla en las parroquias! \u00bfEs bueno esto o no es bueno? \u00bfEs bueno?\u2026Y si, uno es elegido \u2018presidente\u2019 de tal asociaci\u00f3n: se habla contra de \u00e9l\u2026 Y si tal otra es elegida \u2018presidenta\u2019 de la catequesis: las dem\u00e1s hablan contra de ella\u2026Pero esto, \u00a1no es la Iglesia! Esto no se debe hacer, \u00a1no debemos hacerlo! No les digo que se corten la lengua, no, no, no, tanto no, pero pedir al Se\u00f1or la gracia de no hacerlo.<br \/>\nEsto es humano, \u00a1pero no es cristiano! Esto sucede cuando apuntamos a los primeros puestos; cuando nos ponemos en el centro, con nuestras ambiciones personales y nuestras formas de ver las cosas, y juzgamos a los dem\u00e1s; cuando nos fijamos en los defectos de los hermanos, en lugar de ver sus cualidades; cuando damos m\u00e1s importancia a lo que nos divide en lugar de aquello que nos une&#8230;<br \/>\nUna vez, en la di\u00f3cesis que ten\u00eda antes, o\u00ed un comentario interesante y bello: se hablaba de una anciana que hab\u00eda trabajado toda su vida en la parroquia. Y una persona que la conoc\u00eda bien dijo: \u201cesta mujer jam\u00e1s ha hablado mal, nunca particip\u00f3 de habladur\u00edas, siempre ten\u00eda una sonrisa\u201d. \u00a1Una persona as\u00ed podr\u00eda ser canonizada ma\u00f1ana! Es as\u00ed, es bello esto, un hermoso ejemplo. Y si miramos la historia de la Iglesia\u2026\u00a1cu\u00e1ntas divisiones entre nosotros, cristianos! Tambi\u00e9n ahora estamos divididos. Tambi\u00e9n en la historia, los cristianos hicimos la guerra entre nosotros por divisiones teol\u00f3gicas, pensemos en la guerra de los treinta a\u00f1os. Pero, esto no es cristiano. \u00bfSomos cristianos o no? Estamos divididos ahora. Tenemos que pedir por la unidad de todos los cristianos, ir por el camino de la unidad que es lo que Jes\u00fas quiere y por lo que ha rezado.<br \/>\n3. En vista de todo esto, tenemos que hacer seriamente un examen de conciencia. En una comunidad cristiana, la divisi\u00f3n es uno de los pecados m\u00e1s graves, porque la hace signo no de la obra de Dios, sino de la obra del diablo, el cual es, por definici\u00f3n, aquel que separa, que arruina las relaciones, que insin\u00faa prejuicios\u2026La divisi\u00f3n en una comunidad cristiana &#8211; sea una escuela, sea una parroquia, una asociaci\u00f3n, donde sea &#8211; es un pecado grav\u00edsimo, porque es obra del diablo. Dios, en cambio, quiere que crezcamos en la capacidad de acogernos, de perdonarnos y de bien querernos, para parecernos cada vez m\u00e1s a \u00c9l, que es comuni\u00f3n y amor. En esto est\u00e1 la santidad de la Iglesia: en el reconocerse imagen de Dios, colmada de Su misericordia y de Su gracia.<br \/>\nQueridos amigos, hagamos resonar en nuestro coraz\u00f3n estas palabras de Jes\u00fas: \u00abFelices los que trabajan por la paz, porque ser\u00e1n llamados hijos de Dios\u00bb (Mt 5,9). Pedimos sinceramente perd\u00f3n por todas las veces que hemos sido motivo de divisi\u00f3n o de incomprensi\u00f3n al interno de nuestras comunidades, sabiendo bien que no se llega a la comuni\u00f3n, sino es a trav\u00e9s de la continua conversi\u00f3n. \u00bfY qu\u00e9 es la conversi\u00f3n?: \u201cSe\u00f1or, dame la gracia de no hablar mal, de no criticar, de no chismorrear, de querer bien a todos\u201d. \u00a1Es una gracia que el Se\u00f1or nos da! Esto es convertir el coraz\u00f3n, \u00bfno?<br \/>\nY pedimos que el tejido cotidiano de nuestras relaciones pueda convertirse en un reflejo siempre m\u00e1s bello y gozoso de la relaci\u00f3n entre Jes\u00fas y el Padre. Gracias.<\/p>\n<p>Fuente: www.news.va<\/p>\n<!-- AddThis Advanced Settings generic via filter on the_content --><!-- AddThis Share Buttons generic via filter on the_content -->","protected":false},"excerpt":{"rendered":"<p>Pecadores que experimentamos cada d\u00eda las propias fragilidades y las propias miserias formamos la Iglesia que es, sin embargo, \u00abuna\u00bb y \u00absanta\u00bb, como afirmamos en [&hellip;]<!-- AddThis Advanced Settings generic via filter on get_the_excerpt --><!-- AddThis Share Buttons generic via filter on get_the_excerpt --><\/p>\n","protected":false},"author":2,"featured_media":6961,"comment_status":"open","ping_status":"open","sticky":false,"template":"","format":"standard","meta":{"footnotes":""},"categories":[161],"tags":[],"class_list":["post-6960","post","type-post","status-publish","format-standard","has-post-thumbnail","hentry","category-el-papa-leonxiv"],"_links":{"self":[{"href":"https:\/\/obispadodezaratecampana.org\/index.php?rest_route=\/wp\/v2\/posts\/6960","targetHints":{"allow":["GET"]}}],"collection":[{"href":"https:\/\/obispadodezaratecampana.org\/index.php?rest_route=\/wp\/v2\/posts"}],"about":[{"href":"https:\/\/obispadodezaratecampana.org\/index.php?rest_route=\/wp\/v2\/types\/post"}],"author":[{"embeddable":true,"href":"https:\/\/obispadodezaratecampana.org\/index.php?rest_route=\/wp\/v2\/users\/2"}],"replies":[{"embeddable":true,"href":"https:\/\/obispadodezaratecampana.org\/index.php?rest_route=%2Fwp%2Fv2%2Fcomments&post=6960"}],"version-history":[{"count":1,"href":"https:\/\/obispadodezaratecampana.org\/index.php?rest_route=\/wp\/v2\/posts\/6960\/revisions"}],"predecessor-version":[{"id":6962,"href":"https:\/\/obispadodezaratecampana.org\/index.php?rest_route=\/wp\/v2\/posts\/6960\/revisions\/6962"}],"wp:featuredmedia":[{"embeddable":true,"href":"https:\/\/obispadodezaratecampana.org\/index.php?rest_route=\/wp\/v2\/media\/6961"}],"wp:attachment":[{"href":"https:\/\/obispadodezaratecampana.org\/index.php?rest_route=%2Fwp%2Fv2%2Fmedia&parent=6960"}],"wp:term":[{"taxonomy":"category","embeddable":true,"href":"https:\/\/obispadodezaratecampana.org\/index.php?rest_route=%2Fwp%2Fv2%2Fcategories&post=6960"},{"taxonomy":"post_tag","embeddable":true,"href":"https:\/\/obispadodezaratecampana.org\/index.php?rest_route=%2Fwp%2Fv2%2Ftags&post=6960"}],"curies":[{"name":"wp","href":"https:\/\/api.w.org\/{rel}","templated":true}]}}