{"id":6948,"date":"2014-08-28T14:33:25","date_gmt":"2014-08-28T17:33:25","guid":{"rendered":"http:\/\/obispadodezaratecampana.org\/?p=6948"},"modified":"2014-09-14T15:02:26","modified_gmt":"2014-09-14T18:02:26","slug":"6948","status":"publish","type":"post","link":"https:\/\/obispadodezaratecampana.org\/?p=6948","title":{"rendered":"RESULTADOS : COLECTA ANUAL DE CARITAS  2014"},"content":{"rendered":"<p><strong>Rendici\u00f3n de cuentas Colecta Anual de C\u00e1ritas 2014<\/strong><\/p>\n<p>La recaudaci\u00f3n de la Colecta Anual de C\u00e1ritas super\u00f3 los 37 millones. Con enorme gratitud, C\u00e1ritas Argentina se complace en informar que el total de lo recaudado en la Colecta Anual bajo el lema COMPARTIR ES AMAR, realizada el 7 y 8 de junio asciende a\u00a0$ 37.343.721,16.<\/p>\n<p>Los fondos recaudados a trav\u00e9s de la Colecta Anual se destinan al sostenimiento de programas, proyectos y acciones de promoci\u00f3n humana que C\u00e1ritas desarrolla a lo largo del a\u00f1o, relacionadas con variadas tem\u00e1ticas como educaci\u00f3n, trabajo, salud, vivienda, econom\u00eda solidaria, entre otros.<\/p>\n<p>Asimismo, se desarrollan tareas de prevenci\u00f3n y atenci\u00f3n de emergencias clim\u00e1ticas y trabajo con personas en situaci\u00f3n de calle, junto a otras iniciativas de tipo asistencial, conforme a necesidades y lugares espec\u00edficos.<\/p>\n<p>C\u00e1ritas Argentina expresa su agradecimiento a todos y cada uno de los que brindaron su colaboraci\u00f3n para que esta Colecta se hiciera posible: personas particulares sin distinciones de clase o condici\u00f3n, organizaciones privadas y estatales, medios de comunicaci\u00f3n social, instituciones educativas, peque\u00f1as y grandes empresas que desinteresada y generosamente sumaron su compromiso con la Colecta desde un sincero sentido fraterno.<\/p>\n<p>De manera especial, C\u00e1ritas agradece la labor y el testimonio de los m\u00e1s de 32.000 voluntarios que diariamente acompa\u00f1an el caminar de las comunidades m\u00e1s pobres y que, con ocasi\u00f3n de la Colecta, se movilizaron y organizaron numerosas actividades para que el mensaje de esperanza y solidaridad pudiera llegar a cada rinc\u00f3n de nuestra patria.<\/p>\n<p>C\u00e1ritas Argentina renueva su compromiso hacia quienes viven situaciones de pobreza y exclusi\u00f3n e invita a todos a seguir contribuyendo juntos en la construcci\u00f3n del bien com\u00fan, comprometidos con los ideales de una sociedad m\u00e1s justa e inclusiva.<\/p>\n<p style=\"text-align: left;\"><a href=\"http:\/\/obispadodezaratecampana.org\/wp-content\/uploads\/2014\/08\/numeros.jpg\"><img fetchpriority=\"high\" decoding=\"async\" class=\"wp-image-6954 aligncenter\" src=\"http:\/\/obispadodezaratecampana.org\/wp-content\/uploads\/2014\/08\/numeros-300x119.jpg\" alt=\"numeros\" width=\"518\" height=\"228\" \/><\/a><\/p>\n<p style=\"text-align: left;\">Fuente: www.caritas.org.ar<\/p>\n<p style=\"text-align: left;\"><strong>Rendici\u00f3n de cuentas de la colecta en \u00a0nuestra di\u00f3cesis de Z\u00e1rate- Campana<\/strong><\/p>\n<p style=\"text-align: left;\">Les compartimos este enlace de google docs, donde podr\u00e1n ver los resultados de la Colecta Anual de C\u00e1ritas de nuestra di\u00f3cesis. Todav\u00eda faltan los resultados de algunas comunidades, que luego ser\u00e1n incorporados a la planilla de excel.<\/p>\n<p style=\"text-align: left;\">Enlace con datos actualizados, haciendo clik \u00a0aqu\u00ed se descarga la planilla de excel con los datos actualizados al 14 de septiembre:\u00a0<a href=\"http:\/\/obispadodezaratecampana.org\/wp-content\/uploads\/2014\/08\/DATOS.SEPTIEMBRE.xls\">DATOS.SEPTIEMBRE<\/a><\/p>\n<p style=\"text-align: left;\">\n<!-- AddThis Advanced Settings generic via filter on the_content --><!-- AddThis Share Buttons generic via filter on the_content -->","protected":false},"excerpt":{"rendered":"<p>Rendici\u00f3n de cuentas Colecta Anual de C\u00e1ritas 2014 La recaudaci\u00f3n de la Colecta Anual de C\u00e1ritas super\u00f3 los 37 millones. Con enorme gratitud, C\u00e1ritas Argentina [&hellip;]<!-- AddThis Advanced Settings generic via filter on get_the_excerpt --><!-- AddThis Share Buttons generic via filter on get_the_excerpt --><\/p>\n","protected":false},"author":2,"featured_media":6954,"comment_status":"open","ping_status":"open","sticky":false,"template":"","format":"standard","meta":{"footnotes":""},"categories":[1],"tags":[],"class_list":["post-6948","post","type-post","status-publish","format-standard","has-post-thumbnail","hentry","category-noticiasdiocesanas"],"_links":{"self":[{"href":"https:\/\/obispadodezaratecampana.org\/index.php?rest_route=\/wp\/v2\/posts\/6948","targetHints":{"allow":["GET"]}}],"collection":[{"href":"https:\/\/obispadodezaratecampana.org\/index.php?rest_route=\/wp\/v2\/posts"}],"about":[{"href":"https:\/\/obispadodezaratecampana.org\/index.php?rest_route=\/wp\/v2\/types\/post"}],"author":[{"embeddable":true,"href":"https:\/\/obispadodezaratecampana.org\/index.php?rest_route=\/wp\/v2\/users\/2"}],"replies":[{"embeddable":true,"href":"https:\/\/obispadodezaratecampana.org\/index.php?rest_route=%2Fwp%2Fv2%2Fcomments&post=6948"}],"version-history":[{"count":12,"href":"https:\/\/obispadodezaratecampana.org\/index.php?rest_route=\/wp\/v2\/posts\/6948\/revisions"}],"predecessor-version":[{"id":7129,"href":"https:\/\/obispadodezaratecampana.org\/index.php?rest_route=\/wp\/v2\/posts\/6948\/revisions\/7129"}],"wp:featuredmedia":[{"embeddable":true,"href":"https:\/\/obispadodezaratecampana.org\/index.php?rest_route=\/wp\/v2\/media\/6954"}],"wp:attachment":[{"href":"https:\/\/obispadodezaratecampana.org\/index.php?rest_route=%2Fwp%2Fv2%2Fmedia&parent=6948"}],"wp:term":[{"taxonomy":"category","embeddable":true,"href":"https:\/\/obispadodezaratecampana.org\/index.php?rest_route=%2Fwp%2Fv2%2Fcategories&post=6948"},{"taxonomy":"post_tag","embeddable":true,"href":"https:\/\/obispadodezaratecampana.org\/index.php?rest_route=%2Fwp%2Fv2%2Ftags&post=6948"}],"curies":[{"name":"wp","href":"https:\/\/api.w.org\/{rel}","templated":true}]}}