{"id":6902,"date":"2014-08-26T23:21:57","date_gmt":"2014-08-27T02:21:57","guid":{"rendered":"http:\/\/obispadodezaratecampana.org\/?p=6902"},"modified":"2014-08-27T14:25:29","modified_gmt":"2014-08-27T17:25:29","slug":"xiv-encuentro-diocesano-de-catequistas-garin-escobar","status":"publish","type":"post","link":"https:\/\/obispadodezaratecampana.org\/?p=6902","title":{"rendered":"XIV ENCUENTRO DIOCESANO DE CATEQUISTAS &#8211; GARIN- ESCOBAR"},"content":{"rendered":"<p>El s\u00e1bado 23 de agosto se desarrollo el XIV Encuentro Diocesano de Catequistas, en las instalaciones del Colegio Cristo Rey, del partido de Escobar, en Gar\u00edn.<\/p>\n<p>De este tradicional encuentro anual organizado por la Junta Diocesana de Catequesis, y convocado por nuestro Obispo, participaron cientos de catequistas provenientes de los siete partidos que conforman nuestra di\u00f3cesis. Tambi\u00e9n asistieron sacerdotes, algunos de los cuales permanecieron todo el d\u00eda acompa\u00f1ando a sus comunidades y participando de las diversas actividades propuestas; otros solo pudieron estar presentes durante algunas horas (sea por la ma\u00f1ana o la tarde), y muchos se a cercaron para la misa de cierre del encuentro.<\/p>\n<p><strong>Detalle de las actividades de la jornada<\/strong><\/p>\n<p>&#8211; Recepci\u00f3n: desde muy temprano \u2013 antes de las 8:30 hs- comenzaron a arribar los catequistas, quienes fueron recibidos por servidores \u2013 entre los cuales se encontraban seminaristas del Seminario Diocesano San Pedro y San Pablo &#8211; que los acreditaron e inscribieron en los talleres que se desarrollaron por la tarde.<\/p>\n<p><img fetchpriority=\"high\" decoding=\"async\" class=\" wp-image-6913 aligncenter\" src=\"http:\/\/obispadodezaratecampana.org\/wp-content\/uploads\/2014\/08\/10429317_782831305102292_48020448360910616_n-300x225.jpg\" alt=\"10429317_782831305102292_48020448360910616_n\" width=\"319\" height=\"226\" \/><\/p>\n<p>&nbsp;<\/p>\n<p>Nuestro Obispo fue uno de los primeros en llegar junto a Mons. Ariel Perez, Vic. General<\/p>\n<p><img decoding=\"async\" class=\"size-medium wp-image-6914 aligncenter\" src=\"http:\/\/obispadodezaratecampana.org\/wp-content\/uploads\/2014\/08\/10620728_782830868435669_5399053621077863219_n-300x225.jpg\" alt=\"10620728_782830868435669_5399053621077863219_n\" width=\"300\" height=\"225\" srcset=\"https:\/\/obispadodezaratecampana.org\/wp-content\/uploads\/2014\/08\/10620728_782830868435669_5399053621077863219_n-300x225.jpg 300w, https:\/\/obispadodezaratecampana.org\/wp-content\/uploads\/2014\/08\/10620728_782830868435669_5399053621077863219_n.jpg 960w\" sizes=\"(max-width: 300px) 100vw, 300px\" \/><\/p>\n<p><a href=\"http:\/\/obispadodezaratecampana.org\/wp-content\/uploads\/2014\/08\/13926_782830645102358_358389242892891539_n.jpg\"><img decoding=\"async\" class=\"size-medium wp-image-6916 aligncenter\" src=\"http:\/\/obispadodezaratecampana.org\/wp-content\/uploads\/2014\/08\/13926_782830645102358_358389242892891539_n-300x225.jpg\" alt=\"13926_782830645102358_358389242892891539_n\" width=\"300\" height=\"225\" srcset=\"https:\/\/obispadodezaratecampana.org\/wp-content\/uploads\/2014\/08\/13926_782830645102358_358389242892891539_n-300x225.jpg 300w, https:\/\/obispadodezaratecampana.org\/wp-content\/uploads\/2014\/08\/13926_782830645102358_358389242892891539_n.jpg 960w\" sizes=\"(max-width: 300px) 100vw, 300px\" \/><\/a><\/p>\n<p>&nbsp;<\/p>\n<p>&#8211; Bienvenida (luego de las 9:00 hs): El padre Fernando Crevat\u00edn &#8211; quien es el delegado Diocesano para la Catequesis &#8211; dio la bienvenida a todos los asistentes, y luego el padre Dar\u00edo Cuello junto al seminarista Luciano Faiget animaron musicalmente el inicio\u2013 con cantos y bailes- \u00a0acompa\u00f1ados con mu\u00f1ecos de Jesus, Maria , el Papa Francisco y otros santos, quienes fueron recibidos con mucha alegr\u00eda.<\/p>\n<p>Video acerca de este momento:<\/p>\n<p><a title=\"happy\" href=\"https:\/\/www.youtube.com\/watch?v=hcyqkiq6hLg&amp;feature=youtu.be\">https:\/\/www.youtube.com\/watch?v=hcyqkiq6hLg&amp;feature=youtu.be<\/a><\/p>\n<p>&#8211; Palabras de Bienvenida del Obispo: Monse\u00f1or Oscar comenz\u00f3 destacando que pese a el pron\u00f3stico adverso se avistaba una hermosa jornada de sol (efectivamente todos disfrutaron de un d\u00eda veraniego en pleno agosto) . Refiri\u00f3 que todos formamos parte de la Iglesia en la medida que estamos animados por el Esp\u00edritu y formamos parte de la Iglesia particular de la di\u00f3cesis de Z\u00e1rate- Campana. Como bautizados adem\u00e1s vive este Esp\u00edritu de Dios en nosotros y estamos llamados a la Evangelizaci\u00f3n.<\/p>\n<p>Al respecto del lema del encuentro \u201cEvangelizadores con Esp\u00edritu\u201d \u2013 extra\u00eddo de Evangelii Gaudium del Papa Francisco- explico que el que evangeliza es el Esp\u00edritu Santo, y que cada uno de acuerdo a la vocaci\u00f3n y misi\u00f3n que ha recibido es instrumentos de El. Esto trae dos consecuencias: que en la iglesia nadie es mas ni menos en cuanto a la dignidad de su vocaci\u00f3n; y en segundo lugar la catequesis es un momento important\u00edsimo para la evangelizaci\u00f3n (San Juan Pablo II llamaba a la catequesis ese momento tan se\u00f1alado de la Evangelizaci\u00f3n) , es un tiempo, una actitud, un momento se\u00f1alado y se\u00f1alante cuanta fe se transmiti\u00f3 a trav\u00e9s de nuestros catequistas.<\/p>\n<p>Finaliz\u00f3 diciendo que cuando nuestro esp\u00edritu decae, lo que nos ayuda y cura es el encuentro amoroso y fraterno; y deseando que el encuentro de evangelizadores con esp\u00edritu fuera mucho mas que el encuentro diocesano anual de catequistas , sino mas bien, algo que reavive el carisma y el esp\u00edritu de todos. Y que en ese esp\u00edritu fraterno hab\u00eda que dejarse sanar por Dios , para ser testimonio luego para los dem\u00e1s.<\/p>\n<p style=\"text-align: center;\"><a href=\"http:\/\/obispadodezaratecampana.org\/wp-content\/uploads\/2014\/08\/obispo.jpg\"><img loading=\"lazy\" decoding=\"async\" class=\"alignnone size-medium wp-image-6933\" src=\"http:\/\/obispadodezaratecampana.org\/wp-content\/uploads\/2014\/08\/obispo-225x300.jpg\" alt=\"obispo\" width=\"225\" height=\"300\" srcset=\"https:\/\/obispadodezaratecampana.org\/wp-content\/uploads\/2014\/08\/obispo-225x300.jpg 225w, https:\/\/obispadodezaratecampana.org\/wp-content\/uploads\/2014\/08\/obispo-768x1024.jpg 768w\" sizes=\"(max-width: 225px) 100vw, 225px\" \/><\/a><\/p>\n<p>&#8211; Exposici\u00f3n del padre Nicolas Guidi (acompa\u00f1ada con diapositivas) acerca de algunas cuestiones de la Exhortaci\u00f3n Apost\u00f3lica Evangelii Gaudium , que el consideraba relevantes para la tarea catequ\u00edstica.<\/p>\n<p>Esta dur\u00f3 aproximadamente una hora y const\u00f3 de tres unidades tem\u00e1ticas:<\/p>\n<p>&#8211; Tentaciones de los agentes pastorales (tema del cual se hab\u00eda hablado en la fiesta Patronal Diocesana por la Virgen de Lujan realizada en el mes mayo, en Maquinista Savio)<br \/>\n&#8211; Catequesis kerygmatica y mistag\u00f3gica.<br \/>\n&#8211; Evangelizadores con Esp\u00edritu (que es el ultimo cap\u00edtulo de la Exhortaci\u00f3n Apost\u00f3lica)<\/p>\n<p><img loading=\"lazy\" decoding=\"async\" class=\"size-medium wp-image-6932 aligncenter\" src=\"http:\/\/obispadodezaratecampana.org\/wp-content\/uploads\/2014\/08\/charla-300x225.jpg\" alt=\"charla\" width=\"300\" height=\"225\" srcset=\"https:\/\/obispadodezaratecampana.org\/wp-content\/uploads\/2014\/08\/charla-300x225.jpg 300w, https:\/\/obispadodezaratecampana.org\/wp-content\/uploads\/2014\/08\/charla-1024x768.jpg 1024w\" sizes=\"(max-width: 300px) 100vw, 300px\" \/><\/p>\n<p><img loading=\"lazy\" decoding=\"async\" class=\"size-medium wp-image-6918 aligncenter\" src=\"http:\/\/obispadodezaratecampana.org\/wp-content\/uploads\/2014\/08\/10623832_962492840434426_9089354690301847321_o-300x168.jpg\" alt=\"10623832_962492840434426_9089354690301847321_o\" width=\"300\" height=\"168\" srcset=\"https:\/\/obispadodezaratecampana.org\/wp-content\/uploads\/2014\/08\/10623832_962492840434426_9089354690301847321_o-300x168.jpg 300w, https:\/\/obispadodezaratecampana.org\/wp-content\/uploads\/2014\/08\/10623832_962492840434426_9089354690301847321_o-1024x576.jpg 1024w, https:\/\/obispadodezaratecampana.org\/wp-content\/uploads\/2014\/08\/10623832_962492840434426_9089354690301847321_o.jpg 1920w\" sizes=\"(max-width: 300px) 100vw, 300px\" \/><\/p>\n<p style=\"text-align: center;\">El padre Nicolas junto al padre Agustin<\/p>\n<p>Luego de la ponencia, los catequistas trabajaron en grupo haciendo la Lectura Orante de la Palabra, sobre el pasaje de la Carta de los Efesios 4, 1-16. El padre Nicolas dio los lineamientos generales para el trabajo de reflexi\u00f3n grupal.<\/p>\n<p>&#8211; Adoraci\u00f3n al Sant\u00edsimo: cerca del mediod\u00eda todos los asistentes compartieron un momento de Adoraci\u00f3n Eucar\u00edstica.<\/p>\n<p>&nbsp;<\/p>\n<p><img loading=\"lazy\" decoding=\"async\" class=\"wp-image-6919 aligncenter\" src=\"http:\/\/obispadodezaratecampana.org\/wp-content\/uploads\/2014\/08\/10417473_783778358340920_7891092519232278234_n-300x49.jpg\" alt=\"10417473_783778358340920_7891092519232278234_n\" width=\"420\" height=\"119\" \/><\/p>\n<p>&#8211; Animaci\u00f3n: Representaci\u00f3n \u00a0del Evangelio del Buen Samaritano, realizada con inteligencia y humor por miembros de los Disc\u00edpulos de Jes\u00fas.<\/p>\n<p><a href=\"http:\/\/obispadodezaratecampana.org\/wp-content\/uploads\/2014\/08\/sama.jpg\"><img loading=\"lazy\" decoding=\"async\" class=\"size-medium wp-image-6915 aligncenter\" src=\"http:\/\/obispadodezaratecampana.org\/wp-content\/uploads\/2014\/08\/sama-225x300.jpg\" alt=\"sama\" width=\"225\" height=\"300\" srcset=\"https:\/\/obispadodezaratecampana.org\/wp-content\/uploads\/2014\/08\/sama-225x300.jpg 225w, https:\/\/obispadodezaratecampana.org\/wp-content\/uploads\/2014\/08\/sama-768x1024.jpg 768w\" sizes=\"(max-width: 225px) 100vw, 225px\" \/><\/a><\/p>\n<p>&#8211; Avisos: El padre Adrian Lazaro \u2013 colaborador desde hace varios a\u00f1os de la Pastoral Juvenil y Vocacional de nuestra di\u00f3cesis- invit\u00f3 especialmente a los j\u00f3venes a participar de la pr\u00f3xima VIII Misi\u00f3n Juvenil Diocesana, y pidi\u00f3 adem\u00e1s a que se colabore con la difusi\u00f3n y promoci\u00f3n de este evento. Una joven de nuestra di\u00f3cesis, Roc\u00edo Ibarra-oriunda de Maquinista Savio, lugar que ser\u00e1 sede de la MJD- , lo acompa\u00f1\u00f3 en la invitaci\u00f3n.<\/p>\n<p><a href=\"http:\/\/obispadodezaratecampana.org\/wp-content\/uploads\/2014\/08\/SAM_6865.jpg\"><img loading=\"lazy\" decoding=\"async\" class=\"alignnone  wp-image-6912 aligncenter\" src=\"http:\/\/obispadodezaratecampana.org\/wp-content\/uploads\/2014\/08\/SAM_6865-178x300.jpg\" alt=\"SAM_6865\" width=\"178\" height=\"265\" \/><\/a><\/p>\n<p>&#8211; Animaci\u00f3n musical:nuevamente con los mu\u00f1ecos a los cuales se hizo referencia en la bienvenida.<\/p>\n<p>&#8211; Almuerzo.<\/p>\n<p>&#8211; Talleres: comenzaron a las \u00a013: 30 hs.<\/p>\n<p style=\"text-align: center;\">Cartel que conten\u00eda la lista de los seis talleres<\/p>\n<p><img loading=\"lazy\" decoding=\"async\" class=\" wp-image-6929 aligncenter\" src=\"http:\/\/obispadodezaratecampana.org\/wp-content\/uploads\/2014\/08\/taller-225x300.jpg\" alt=\"taller\" width=\"312\" height=\"396\" \/><\/p>\n<p>Taller 1: Caminar desde Cristo &#8211; Un recorrido b\u00edblico. A cargo del Lic. Daniel A. Torino.<\/p>\n<p><a href=\"http:\/\/obispadodezaratecampana.org\/wp-content\/uploads\/2014\/08\/taller1.jpg\"><img loading=\"lazy\" decoding=\"async\" class=\"size-medium wp-image-6906 aligncenter\" src=\"http:\/\/obispadodezaratecampana.org\/wp-content\/uploads\/2014\/08\/taller1-300x225.jpg\" alt=\"taller1\" width=\"300\" height=\"225\" srcset=\"https:\/\/obispadodezaratecampana.org\/wp-content\/uploads\/2014\/08\/taller1-300x225.jpg 300w, https:\/\/obispadodezaratecampana.org\/wp-content\/uploads\/2014\/08\/taller1.jpg 960w\" sizes=\"(max-width: 300px) 100vw, 300px\" \/><\/a><\/p>\n<p>Taller 2: \u00bfComo anunciar con alegr\u00eda el Evangelio a los ni\u00f1os de hoy? A cargo de la Sra. M\u00f3nica Bearzot de Torino. Docente. Catequista.<\/p>\n<p><a href=\"http:\/\/obispadodezaratecampana.org\/wp-content\/uploads\/2014\/08\/taller2.jpg\"><img loading=\"lazy\" decoding=\"async\" class=\"size-medium wp-image-6907 aligncenter\" src=\"http:\/\/obispadodezaratecampana.org\/wp-content\/uploads\/2014\/08\/taller2-300x225.jpg\" alt=\"taller2\" width=\"300\" height=\"225\" srcset=\"https:\/\/obispadodezaratecampana.org\/wp-content\/uploads\/2014\/08\/taller2-300x225.jpg 300w, https:\/\/obispadodezaratecampana.org\/wp-content\/uploads\/2014\/08\/taller2.jpg 960w\" sizes=\"(max-width: 300px) 100vw, 300px\" \/><\/a><\/p>\n<p>Taller 3: Algunas consideraciones sobre el &#8220;silencio&#8221; como lenguaje de la alegr\u00eda del amor. A cargo de la Lic. Claudia Mendoza.<\/p>\n<p><a href=\"http:\/\/obispadodezaratecampana.org\/wp-content\/uploads\/2014\/08\/14198_783064041745685_7049562165861413795_n.jpg\"><img loading=\"lazy\" decoding=\"async\" class=\"size-medium wp-image-6911 aligncenter\" src=\"http:\/\/obispadodezaratecampana.org\/wp-content\/uploads\/2014\/08\/14198_783064041745685_7049562165861413795_n-300x225.jpg\" alt=\"14198_783064041745685_7049562165861413795_n\" width=\"300\" height=\"225\" srcset=\"https:\/\/obispadodezaratecampana.org\/wp-content\/uploads\/2014\/08\/14198_783064041745685_7049562165861413795_n-300x225.jpg 300w, https:\/\/obispadodezaratecampana.org\/wp-content\/uploads\/2014\/08\/14198_783064041745685_7049562165861413795_n.jpg 960w\" sizes=\"(max-width: 300px) 100vw, 300px\" \/><\/a><\/p>\n<p>Taller 4: Catequistas Coordinadores: Llamados a construir comunidad. A cargo de Pbro Dar\u00edo Cuello y la catequista Amanda Lubo.<\/p>\n<p><a href=\"http:\/\/obispadodezaratecampana.org\/wp-content\/uploads\/2014\/08\/taller4.jpg\"><img loading=\"lazy\" decoding=\"async\" class=\"size-medium wp-image-6908 aligncenter\" src=\"http:\/\/obispadodezaratecampana.org\/wp-content\/uploads\/2014\/08\/taller4-300x225.jpg\" alt=\"taller4\" width=\"300\" height=\"225\" srcset=\"https:\/\/obispadodezaratecampana.org\/wp-content\/uploads\/2014\/08\/taller4-300x225.jpg 300w, https:\/\/obispadodezaratecampana.org\/wp-content\/uploads\/2014\/08\/taller4.jpg 960w\" sizes=\"(max-width: 300px) 100vw, 300px\" \/><\/a><\/p>\n<p><span style=\"color: #141823;\">Taller 5: Espiritualidad Mariana: Maria, arrobada de Dios, alfarera de Santos. A cargo de Liliana Carballo. Catequista.\u00a0<\/span><\/p>\n<p><a href=\"http:\/\/obispadodezaratecampana.org\/wp-content\/uploads\/2014\/08\/taller5.jpg\"><img loading=\"lazy\" decoding=\"async\" class=\"size-medium wp-image-6904 aligncenter\" src=\"http:\/\/obispadodezaratecampana.org\/wp-content\/uploads\/2014\/08\/taller5-300x197.jpg\" alt=\"taller5\" width=\"300\" height=\"197\" srcset=\"https:\/\/obispadodezaratecampana.org\/wp-content\/uploads\/2014\/08\/taller5-300x197.jpg 300w, https:\/\/obispadodezaratecampana.org\/wp-content\/uploads\/2014\/08\/taller5.jpg 960w\" sizes=\"(max-width: 300px) 100vw, 300px\" \/><\/a><\/p>\n<p>Taller 6: Dios quiere actuar utilizando nuestras manos. A cargo de la catequista Marisa Lopez.<\/p>\n<p><a href=\"http:\/\/obispadodezaratecampana.org\/wp-content\/uploads\/2014\/08\/taller6.jpg\"><img loading=\"lazy\" decoding=\"async\" class=\"size-medium wp-image-6905 aligncenter\" src=\"http:\/\/obispadodezaratecampana.org\/wp-content\/uploads\/2014\/08\/taller6-300x190.jpg\" alt=\"taller6\" width=\"300\" height=\"190\" srcset=\"https:\/\/obispadodezaratecampana.org\/wp-content\/uploads\/2014\/08\/taller6-300x190.jpg 300w, https:\/\/obispadodezaratecampana.org\/wp-content\/uploads\/2014\/08\/taller6.jpg 960w\" sizes=\"(max-width: 300px) 100vw, 300px\" \/><\/a><\/p>\n<p>&#8211; Descanso:\u00a015: 30 hs<\/p>\n<p>&#8211;\u00a0Misa: 16: 00 hs presidida por Monse\u00f1or Oscar y concelebrada por numerosos sacerdotes de la di\u00f3cesis.<\/p>\n<p><a href=\"http:\/\/obispadodezaratecampana.org\/wp-content\/uploads\/2014\/08\/10533856_783200871732002_7176215809933728725_o.jpg\"><img loading=\"lazy\" decoding=\"async\" class=\"wp-image-6917 aligncenter\" src=\"http:\/\/obispadodezaratecampana.org\/wp-content\/uploads\/2014\/08\/10533856_783200871732002_7176215809933728725_o-300x96.jpg\" alt=\"10533856_783200871732002_7176215809933728725_o\" width=\"444\" height=\"96\" \/><\/a><\/p>\n<p><em>Homil\u00eda del Obispo<\/em>: Agradeci\u00f3 especialmente a todos aquellos quienes participaron del encuentro: catequistas, sacerdotes, religiosos, religiosas, seminaristas y di\u00e1conos .<br \/>\nAl respecto del Evangelio proclamado, destac\u00f3 que Pedro contesta con firmeza y resoluci\u00f3n por la acci\u00f3n del Esp\u00edritu en el, por lo que el Se\u00f1or le responde \u201cEsto no te lo revel\u00f3 ni la carne ni la sangre, sino mi Padre que esta en el cielo.\u201d Esto significa que le ha sido revelado por el Esp\u00edritu , y con el Esp\u00edritu. Asi tambi\u00e9n es el Esp\u00edritu de Dios, para nuestra vida interior, cristiana y apost\u00f3lica , y para la catequesis.<br \/>\nConcluy\u00f3 explicando la importancia de la oraci\u00f3n, con su propio testimonio de vida acerca de ella; y exhortando a que le confiemos especialmente al Se\u00f1or con fe y confianza- desde el Esp\u00edritu, y no desde la carne y la sangre- nuestros problemas ; y especialmente la catequesis, recordando que Dios nos dice: Mi yugo es suave, y mi carga, liviana.<\/p>\n<p>Al finalizar la misa, el Obispo hizo un reconocimiento especial a la Sra. Elena \u2013 vecina de Gar\u00edn- por su trayectoria de 65 a\u00f1os como catequista y formadora de catequistas.<\/p>\n<p>Video de este momento:<\/p>\n<p><a title=\"elena\" href=\"https:\/\/www.youtube.com\/watch?v=hFDfGFgo3ao&amp;feature=youtu.be\">https:\/\/www.youtube.com\/watch?v=hFDfGFgo3ao&amp;feature=youtu.be<\/a><\/p>\n<p>&#8211; Despedida luego de las\u00a017: 00 hs. Los anfitriones del encuentro despidieron a los catequistas convid\u00e1ndolos con exquisitos trozos de torta y se\u00f1aladores como recordatorios (que fueron preparados por todas las comunidades para la ocasi\u00f3n).<\/p>\n<p style=\"text-align: center;\"><img loading=\"lazy\" decoding=\"async\" class=\"alignnone size-medium wp-image-6930\" src=\"http:\/\/obispadodezaratecampana.org\/wp-content\/uploads\/2014\/08\/tortas-300x225.jpg\" alt=\"tortas\" width=\"300\" height=\"225\" srcset=\"https:\/\/obispadodezaratecampana.org\/wp-content\/uploads\/2014\/08\/tortas-300x225.jpg 300w, https:\/\/obispadodezaratecampana.org\/wp-content\/uploads\/2014\/08\/tortas-1024x768.jpg 1024w\" sizes=\"(max-width: 300px) 100vw, 300px\" \/> <img loading=\"lazy\" decoding=\"async\" class=\"alignnone size-medium wp-image-6931\" src=\"http:\/\/obispadodezaratecampana.org\/wp-content\/uploads\/2014\/08\/tortass-300x225.jpg\" alt=\"tortass\" width=\"300\" height=\"225\" srcset=\"https:\/\/obispadodezaratecampana.org\/wp-content\/uploads\/2014\/08\/tortass-300x225.jpg 300w, https:\/\/obispadodezaratecampana.org\/wp-content\/uploads\/2014\/08\/tortass-1024x768.jpg 1024w\" sizes=\"(max-width: 300px) 100vw, 300px\" \/><\/p>\n<!-- AddThis Advanced Settings generic via filter on the_content --><!-- AddThis Share Buttons generic via filter on the_content -->","protected":false},"excerpt":{"rendered":"<p>El s\u00e1bado 23 de agosto se desarrollo el XIV Encuentro Diocesano de Catequistas, en las instalaciones del Colegio Cristo Rey, del partido de Escobar, en [&hellip;]<!-- AddThis Advanced Settings generic via filter on get_the_excerpt --><!-- AddThis Share Buttons generic via filter on get_the_excerpt --><\/p>\n","protected":false},"author":2,"featured_media":6920,"comment_status":"open","ping_status":"open","sticky":false,"template":"","format":"standard","meta":{"footnotes":""},"categories":[1],"tags":[],"class_list":["post-6902","post","type-post","status-publish","format-standard","has-post-thumbnail","hentry","category-noticiasdiocesanas"],"_links":{"self":[{"href":"https:\/\/obispadodezaratecampana.org\/index.php?rest_route=\/wp\/v2\/posts\/6902","targetHints":{"allow":["GET"]}}],"collection":[{"href":"https:\/\/obispadodezaratecampana.org\/index.php?rest_route=\/wp\/v2\/posts"}],"about":[{"href":"https:\/\/obispadodezaratecampana.org\/index.php?rest_route=\/wp\/v2\/types\/post"}],"author":[{"embeddable":true,"href":"https:\/\/obispadodezaratecampana.org\/index.php?rest_route=\/wp\/v2\/users\/2"}],"replies":[{"embeddable":true,"href":"https:\/\/obispadodezaratecampana.org\/index.php?rest_route=%2Fwp%2Fv2%2Fcomments&post=6902"}],"version-history":[{"count":6,"href":"https:\/\/obispadodezaratecampana.org\/index.php?rest_route=\/wp\/v2\/posts\/6902\/revisions"}],"predecessor-version":[{"id":6934,"href":"https:\/\/obispadodezaratecampana.org\/index.php?rest_route=\/wp\/v2\/posts\/6902\/revisions\/6934"}],"wp:featuredmedia":[{"embeddable":true,"href":"https:\/\/obispadodezaratecampana.org\/index.php?rest_route=\/wp\/v2\/media\/6920"}],"wp:attachment":[{"href":"https:\/\/obispadodezaratecampana.org\/index.php?rest_route=%2Fwp%2Fv2%2Fmedia&parent=6902"}],"wp:term":[{"taxonomy":"category","embeddable":true,"href":"https:\/\/obispadodezaratecampana.org\/index.php?rest_route=%2Fwp%2Fv2%2Fcategories&post=6902"},{"taxonomy":"post_tag","embeddable":true,"href":"https:\/\/obispadodezaratecampana.org\/index.php?rest_route=%2Fwp%2Fv2%2Ftags&post=6902"}],"curies":[{"name":"wp","href":"https:\/\/api.w.org\/{rel}","templated":true}]}}