{"id":6892,"date":"2014-08-26T13:36:00","date_gmt":"2014-08-26T16:36:00","guid":{"rendered":"http:\/\/obispadodezaratecampana.org\/?p=6892"},"modified":"2014-08-26T13:36:00","modified_gmt":"2014-08-26T16:36:00","slug":"scholas-occurrentes-y-fundacion-pupi","status":"publish","type":"post","link":"https:\/\/obispadodezaratecampana.org\/?p=6892","title":{"rendered":"Scholas Occurrentes y Fundaci\u00f3n Pupi"},"content":{"rendered":"<p>Se llev\u00f3 a cabo este lunes 25 de agosto, en la Sala Marconi de nuestra Emisora la Conferencia de Prensa en donde se present\u00f3 el Partido Interreligioso por la Paz, pedido por Papa Francisco, que se jugar\u00e1 el lunes 1\u00ba de setiembre en el Estadio Ol\u00edmpico de Roma.\u201cEl deporte es escuela de paz, nos ense\u00f1a a construir la paz\u201d. \u201cEl deporte es no s\u00f3lo una forma de entretenimiento, sino tambi\u00e9n y sobre todo &#8211; dijo Francisco en su videomensaje con ocasi\u00f3n del mundial de f\u00fatbol 2014- una herramienta para comunicar los valores que promueven el bien de la persona humana y ayudan a construir una sociedad m\u00e1s pac\u00edfica y fraterna\u201d.<\/p>\n<p>Estuvieron presentes en la conferencia Mons. Guillermo Karcher, Oficial de la Secretar\u00eda de Estado y Ceremonial, Javier Zanetti, autoridades estatales y representantes de firmas que apoyan esta iniciativa, seg\u00fan informa la Oficina de Prensa de Scholas.<\/p>\n<p>Jugar\u00e1n por la paz en el mundo los Campeones Lionel Messi, Gianluigi Buffon, Zinedine Zidane, Javier Zanetti, Javier Machernao, Roberto Baggio, Andrea Pirlo, Yuto Nagatomo, Samuel Eto\u2019o, David Trezeguet, Andrea Ranocchia entre otros, y han confirmado tambi\u00e9n su participaci\u00f3n al evento diversos artistas como Violetta, Nek y Odino.<\/p>\n<p>El mismo lunes, antes del partido el Papa recibir\u00e1 a los jugadores y t\u00e9cnicos en la Aula Paulo VI en el Vaticano y les impartir\u00e1 su bendici\u00f3n, haciendo entrega del olivo de la paz que ser\u00e1 plantado por Pupi Zanetti y los directores mundiales de Scholas junto a los referentes de las diversas religiones.<\/p>\n<p>Los fondos recaudados ir\u00e1n en beneficio de la Fundaci\u00f3n PUPI \u2013creada por el futbolista Javier Zanetti &#8211; y de Scholas Occurrentes, las dos asociaciones que hicieron posible la concreci\u00f3n de este proyecto humanitario en pro de la paz, la primera dedicada desde hace m\u00e1s de diez a\u00f1os a la protecci\u00f3n integral de los derechos de ni\u00f1os, ni\u00f1as y adolescentes de los sectores m\u00e1s carenciados, la segunda, con un a\u00f1o de vida, cuyo Obispo Canciller es S.E.R Mons. Marcelo S\u00e1nchez Sorondo, dedicada a mejorar la educaci\u00f3n y la integraci\u00f3n de las comunidades, haciendo part\u00edcipes a diversos sectores de la sociedad, utilizando el deporte, arte y la tecnolog\u00eda como herramientas para transformar el mundo en una sociedad integrada y en paz.<\/p>\n<p>Fuente: www.news.va<\/p>\n<p><strong>SCHOLAS OCCURRENTES\u00a0<\/strong><\/p>\n<p>Les compartimos este enlace para que conozcan mas acerca del proyecto de las\u00a0<em>SCHOLAS OCCURRENTES. <\/em>Ingresen en la opci\u00f3n en espa\u00f1ol de la p\u00e1gina web:\u00a0<a title=\"escuelas\" href=\"http:\/\/www.scholasoccurrentes.org\/\">http:\/\/www.scholasoccurrentes.org\/<\/a><\/p>\n<p>&nbsp;<\/p>\n<!-- AddThis Advanced Settings generic via filter on the_content --><!-- AddThis Share Buttons generic via filter on the_content -->","protected":false},"excerpt":{"rendered":"<p>Se llev\u00f3 a cabo este lunes 25 de agosto, en la Sala Marconi de nuestra Emisora la Conferencia de Prensa en donde se present\u00f3 el [&hellip;]<!-- AddThis Advanced Settings generic via filter on get_the_excerpt --><!-- AddThis Share Buttons generic via filter on get_the_excerpt --><\/p>\n","protected":false},"author":2,"featured_media":6893,"comment_status":"open","ping_status":"open","sticky":false,"template":"","format":"standard","meta":{"footnotes":""},"categories":[161],"tags":[],"class_list":["post-6892","post","type-post","status-publish","format-standard","has-post-thumbnail","hentry","category-el-papa-leonxiv"],"_links":{"self":[{"href":"https:\/\/obispadodezaratecampana.org\/index.php?rest_route=\/wp\/v2\/posts\/6892","targetHints":{"allow":["GET"]}}],"collection":[{"href":"https:\/\/obispadodezaratecampana.org\/index.php?rest_route=\/wp\/v2\/posts"}],"about":[{"href":"https:\/\/obispadodezaratecampana.org\/index.php?rest_route=\/wp\/v2\/types\/post"}],"author":[{"embeddable":true,"href":"https:\/\/obispadodezaratecampana.org\/index.php?rest_route=\/wp\/v2\/users\/2"}],"replies":[{"embeddable":true,"href":"https:\/\/obispadodezaratecampana.org\/index.php?rest_route=%2Fwp%2Fv2%2Fcomments&post=6892"}],"version-history":[{"count":1,"href":"https:\/\/obispadodezaratecampana.org\/index.php?rest_route=\/wp\/v2\/posts\/6892\/revisions"}],"predecessor-version":[{"id":6894,"href":"https:\/\/obispadodezaratecampana.org\/index.php?rest_route=\/wp\/v2\/posts\/6892\/revisions\/6894"}],"wp:featuredmedia":[{"embeddable":true,"href":"https:\/\/obispadodezaratecampana.org\/index.php?rest_route=\/wp\/v2\/media\/6893"}],"wp:attachment":[{"href":"https:\/\/obispadodezaratecampana.org\/index.php?rest_route=%2Fwp%2Fv2%2Fmedia&parent=6892"}],"wp:term":[{"taxonomy":"category","embeddable":true,"href":"https:\/\/obispadodezaratecampana.org\/index.php?rest_route=%2Fwp%2Fv2%2Fcategories&post=6892"},{"taxonomy":"post_tag","embeddable":true,"href":"https:\/\/obispadodezaratecampana.org\/index.php?rest_route=%2Fwp%2Fv2%2Ftags&post=6892"}],"curies":[{"name":"wp","href":"https:\/\/api.w.org\/{rel}","templated":true}]}}