{"id":6889,"date":"2014-08-26T12:58:48","date_gmt":"2014-08-26T15:58:48","guid":{"rendered":"http:\/\/obispadodezaratecampana.org\/?p=6889"},"modified":"2014-08-26T12:58:48","modified_gmt":"2014-08-26T15:58:48","slug":"domingo-24-de-agosto-el-papa-francisco","status":"publish","type":"post","link":"https:\/\/obispadodezaratecampana.org\/?p=6889","title":{"rendered":"Domingo 24 de agosto: el Papa Francisco"},"content":{"rendered":"<p>Antes de rezar el \u00c1ngelus con los miles de fieles y peregrinos reunidos en la Plaza de San Pedro el Papa Francisco record\u00f3 que el Evangelio del XXI Domingo del Tiempo Ordinario, corresponde al c\u00e9lebre pasaje del relato de San Mateo, en el que Sim\u00f3n, en nombre de los Doce, profesa su fe en Jes\u00fas como \u00abel Cristo, el Hijo de Dios vivo\u00bb. Raz\u00f3n por la cual dijo el Obispo de Roma Jes\u00fas llama \u00abbienaventurado\u00bb a Sim\u00f3n, puesto que reconoce en su fe un don especial del Padre, de ah\u00ed que le dice: \u00abT\u00fa eres Pedro, y sobre esta piedra edificar\u00e9 mi Iglesia\u00bb.<\/p>\n<p>El Santo Padre explic\u00f3 que Jes\u00fas atribuye a Sim\u00f3n este nuevo nombre: \u201cPedro\u201d, que en su lengua suena \u201cCefas\u201d, palabra que significa \u201cpiedra\u201d. Y record\u00f3 que en la Biblia este t\u00e9rmino, \u201cpiedra\u201d, est\u00e1 referido a Dios. Mientras Jes\u00fas lo atribuye a Sim\u00f3n no por sus cualidades o m\u00e9ritos humanos, sino por su fe genuina y firme, que tambi\u00e9n nosotros debemos tener.<\/p>\n<p>Y a\u00f1adi\u00f3 que Jes\u00fas experimenta una gran alegr\u00eda, porque reconoce en Sim\u00f3n la mano del Padre y la acci\u00f3n del Esp\u00edritu Santo que le ha dado una fe \u201cfiable\u201d, sobre la cual el Se\u00f1or podr\u00e1 edificar su Iglesia, es decir su comunidad.<\/p>\n<p>El Papa dijo tambi\u00e9n que el Se\u00f1or tiene en su mente la imagen del construir, la imagen de la comunidad como un edificio. Por esta raz\u00f3n, cuando siente la profesi\u00f3n de fe genuina de Sim\u00f3n, lo llama \u201cpiedra\u201d, y manifiesta la intenci\u00f3n de construir su Iglesia sobre esta fe.<br \/>\nTal como sucedi\u00f3 de modo \u00fanico en San Pedro, as\u00ed sucede tambi\u00e9n en cada cristiano dijo Francisco, que madura una fe sincera en el Hijo del Dios vivo. De modo que este Evangelio tambi\u00e9n nos interpela a cada uno de nosotros. Porque si el Se\u00f1or encuentra en nuestro coraz\u00f3n una fe, no perfecta, pero al menos sincera y genuina, entonces \u00c9l ve en nosotros piedras vivas con las cuales construir su comunidad.<\/p>\n<p>El Papa Francisco agreg\u00f3 que de esta comunidad la piedra fundamental es Cristo; mientras Pedro es piedra, en cuanto fundamento visible de la unidad de la Iglesia. Y cada bautizado est\u00e1 llamado a ofrecer a Jes\u00fas su propia fe, pobre, pero sincera, para que \u00c9l pueda seguir construyendo su Iglesia hoy, en todas partes del mundo.<br \/>\nEl Pont\u00edfice concluy\u00f3 afirmando que en nuestros d\u00edas \u00abla gente\u00bb piensa que Jes\u00fas es un gran profeta, un maestro de sabidur\u00eda, un modelo de justicia. De ah\u00ed su invitaci\u00f3n a que pensemos de qu\u00e9 modo responderemos a su pregunta: \u00ab\u00bfPero ustedes, qui\u00e9n dicen que soy yo?\u00bb.<\/p>\n<p><strong>Texto completo de la alocuci\u00f3n del Papa antes de rezar el \u00c1ngelus:<\/strong><\/p>\n<p>Queridos hermanos y hermas \u00a1buenos d\u00edas!<br \/>\nEl Evangelio de este domingo (Mt 16, 13-20) es el c\u00e9lebre pasaje, central en el relato de Mateo, en el que Sim\u00f3n, en nombre de los Doce, profesa su fe en Jes\u00fas como \u00abel Cristo, el Hijo de Dios vivo\u00bb; y Jes\u00fas llama \u00abbienaventurado\u00bb a Sim\u00f3n por su fe, reconociendo en ella un don, un don especial del Padre, y le dice: \u00abT\u00fa eres Pedro, y sobre esta piedra edificar\u00e9 mi Iglesia\u00bb.<br \/>\nDeteng\u00e1monos un momento precisamente en este punto, sobre el hecho de que Jes\u00fas atribuye a Sim\u00f3n este nuevo nombre: \u201cPedro\u201d, que en la lengua de Jes\u00fas suena \u201cCefas\u201d, una palabra que significa \u201cpiedra\u201d. En la Biblia este nombre, este t\u00e9rmino, \u201cpiedra\u201d, est\u00e1 referido a Dios. Jes\u00fas lo atribuye a Sim\u00f3n, no por sus cualidades o sus m\u00e9ritos humanos, sino por su fe genuina y firme, que le viene de lo alto.<br \/>\nJes\u00fas siente en su coraz\u00f3n una gran alegr\u00eda, porque reconoce en Sim\u00f3n la mano del Padre, la acci\u00f3n del Esp\u00edritu Santo. Reconoce que Dios Padre ha dado a Sim\u00f3n una fe \u201cfiable\u201d, sobre la cual \u00c9l, Jes\u00fas, podr\u00e1 edificar su Iglesia, es decir su comunidad. Es decir, todos nosotros. Todos nosotros.<br \/>\nJes\u00fas tiene el prop\u00f3sito de dar vida a \u201csu\u201d Iglesia, un pueblo fundado ya no en su descendencia, sino en la fe, es decir, en la relaci\u00f3n con \u00c9l mismo, una relaci\u00f3n de amor y de confianza. Nuestra relaci\u00f3n con Jes\u00fas edifica la Iglesia. Y, por tanto, para iniciar su Iglesia, Jes\u00fas tiene necesidad de encontrar en los disc\u00edpulos una fe s\u00f3lida, una fe \u201cde confianza\u201d. Esto es lo que \u00c9l debe verificar en este punto del camino. Y por eso formula la pregunta.<br \/>\nEl Se\u00f1or tiene en su mente la imagen del construir, la imagen de la comunidad como edificio. He aqu\u00ed porqu\u00e9, cuando siente la profesi\u00f3n de fe genuina de Sim\u00f3n, lo llama \u201cpiedra\u201d, y manifiesta la intenci\u00f3n de construir su Iglesia sobre esta fe.<br \/>\nHermanos y hermanas, lo que sucedi\u00f3 de modo \u00fanico en San Pedro, sucede tambi\u00e9n en cada cristiano que madura una fe sincera en Jes\u00fas, el Cristo, el Hijo del Dios vivo.<br \/>\nEl Evangelio de hoy tambi\u00e9n interpela a cada uno de nosotros. \u00bfC\u00f3mo va tu fe? Cada uno responda en su coraz\u00f3n, eh. \u00bfC\u00f3mo va tu fe? \u00bfC\u00f3mo es? \u00bfQu\u00e9 encuentra el Se\u00f1or en nuestros corazones? \u00bfUn coraz\u00f3n firme como la piedra o un coraz\u00f3n arenoso, es decir, dudoso, difidente, incr\u00e9dulo? Nos har\u00e1 bien en la jornada de hoy pensar en esto.<br \/>\nSi el Se\u00f1or encuentra en nuestro coraz\u00f3n una fe, no digo perfecta, pero sincera, genuina, entonces \u00c9l ve tambi\u00e9n en nosotros piedras vivas con las cuales construir su comunidad. De esta comunidad, la piedra fundamental es Cristo, piedra angular y \u00fanica. Por su parte, Pedro es piedra, en cuanto fundamento visible de la unidad de la Iglesia; pero cada bautizado est\u00e1 llamado a ofrecer a Jes\u00fas su propia fe, pobre, pero sincera, para que \u00c9l pueda seguir construyendo su Iglesia hoy, en todas partes del mundo.<br \/>\nTambi\u00e9n en nuestros d\u00edas \u00abmucha gente\u00bb piensa que Jes\u00fas es un gran profeta, un maestro de sabidur\u00eda, un modelo de justicia\u2026 Y tambi\u00e9n hoy Jes\u00fas pregunta a sus disc\u00edpulos, es decir a nosotros, a todos nosotros: \u00ab\u00bfPero ustedes, qui\u00e9n dicen que soy yo?\u00bb. \u00bfUn profeta, un maestro de sabidur\u00eda, un modelo de justicia? \u00bfQu\u00e9 responderemos nosotros?<br \/>\nPensemos en esto. Pero sobre todo, oremos a Dios Padre, para que nos d\u00e9 la respuesta y por intercesi\u00f3n de la Virgen Mar\u00eda; pid\u00e1mosle que nos d\u00e9 la gracia de responder, con coraz\u00f3n sincero: \u00abT\u00fa eres el Cristo, el Hijo de Dios vivo\u00bb.<br \/>\n\u00c9sta es una confesi\u00f3n de fe. \u00c9ste es precisamente el Credo. Pero podemos repetirlo tres veces todos juntos: \u00abT\u00fa eres el Cristo, el Hijo de Dios vivo\u00bb. Todos juntos: \u00abT\u00fa eres el Cristo, el Hijo de Dios vivo\u00bb. \u00abT\u00fa eres el Cristo, el Hijo de Dios vivo\u00bb. \u00abT\u00fa eres el Cristo, el Hijo de Dios vivo\u00bb.<\/p>\n<p>Saludos del Papa despu\u00e9s de rezar el \u00c1ngelus dominical:<\/p>\n<p>Queridos hermanos y hermanas, mi pensamiento se dirige en modo particular a la amada tierra de Ucrania, de la cual es hoy la Fiesta Nacional, a todos sus hijos e hijas, a sus anhelos de paz y serenidad, amenazados por una situaci\u00f3n de tensi\u00f3n y de conflicto que no alude a placarse, generando tanto sufrimiento entre la poblaci\u00f3n civil. Confiemos al Se\u00f1or Jes\u00fas y a la Virgen la entera Naci\u00f3n y recemos unidos, sobre todo por las v\u00edctimas, sus familias y cuantos sufren. He recibido una carta de un obispo y cuenta todo este dolor. Recemos juntos a la Virgen por esta amada tierra de Ucrania en el d\u00eda de la Fiesta Nacional.<\/p>\n<p>Ave Mar\u00eda\u2026<\/p>\n<p>Saludo cordialmente a todos los peregrinos romanos y a aquellos provenientes de varios Pa\u00edses, en particular a los fieles de Santiago de Compostela (Espa\u00f1a), a los ni\u00f1os de Maip\u00fa (Chile), a los j\u00f3venes de Chiry-Ourscamp (Francia) y a cuantos participan en el encuentro internacional promovido por la di\u00f3cesis de Palestrina.<br \/>\nSaludo con afecto a los nuevos seminaristas del Pontificio Colegio Norteamericano, llegados a Roma para emprender los estudios teol\u00f3gicos.<br \/>\nSaludo a los seiscientos j\u00f3venes de B\u00e9rgamo, que a pie, junto a su Obispo, han llegado a Roma de As\u00eds. Es decir de Francisco a Francisco, como est\u00e1 escrito all\u00ed. Pero, \u00a1son buenos ustedes bergamascos, eh! Ayer por la tarde, su obispo, junto a uno de los sacerdotes que los acompa\u00f1an, me han contado c\u00f3mo han vivido estos d\u00edas de peregrinaci\u00f3n. \u00a1Felicitaciones! Queridos j\u00f3venes, vuelvan a casa con el deseo de dar testimonio a todos de la belleza de la fe cristiana.<br \/>\nSaludos a los j\u00f3venes de Verona, MontegrottoTerme y de la Valle Liona, como tambi\u00e9n a los fieles de Giussano y Bassano del Grappa.<br \/>\nLes pido, por favor, que no se olviden de rezar por m\u00ed.<br \/>\n\u00a1Les deseo un feliz domingo y buen almuerzo! \u00a1Hasta pronto!<\/p>\n<p>Fuente: www.news.va<\/p>\n<!-- AddThis Advanced Settings generic via filter on the_content --><!-- AddThis Share Buttons generic via filter on the_content -->","protected":false},"excerpt":{"rendered":"<p>Antes de rezar el \u00c1ngelus con los miles de fieles y peregrinos reunidos en la Plaza de San Pedro el Papa Francisco record\u00f3 que el [&hellip;]<!-- AddThis Advanced Settings generic via filter on get_the_excerpt --><!-- AddThis Share Buttons generic via filter on get_the_excerpt --><\/p>\n","protected":false},"author":2,"featured_media":6890,"comment_status":"open","ping_status":"open","sticky":false,"template":"","format":"standard","meta":{"footnotes":""},"categories":[161],"tags":[],"class_list":["post-6889","post","type-post","status-publish","format-standard","has-post-thumbnail","hentry","category-el-papa-leonxiv"],"_links":{"self":[{"href":"https:\/\/obispadodezaratecampana.org\/index.php?rest_route=\/wp\/v2\/posts\/6889","targetHints":{"allow":["GET"]}}],"collection":[{"href":"https:\/\/obispadodezaratecampana.org\/index.php?rest_route=\/wp\/v2\/posts"}],"about":[{"href":"https:\/\/obispadodezaratecampana.org\/index.php?rest_route=\/wp\/v2\/types\/post"}],"author":[{"embeddable":true,"href":"https:\/\/obispadodezaratecampana.org\/index.php?rest_route=\/wp\/v2\/users\/2"}],"replies":[{"embeddable":true,"href":"https:\/\/obispadodezaratecampana.org\/index.php?rest_route=%2Fwp%2Fv2%2Fcomments&post=6889"}],"version-history":[{"count":1,"href":"https:\/\/obispadodezaratecampana.org\/index.php?rest_route=\/wp\/v2\/posts\/6889\/revisions"}],"predecessor-version":[{"id":6891,"href":"https:\/\/obispadodezaratecampana.org\/index.php?rest_route=\/wp\/v2\/posts\/6889\/revisions\/6891"}],"wp:featuredmedia":[{"embeddable":true,"href":"https:\/\/obispadodezaratecampana.org\/index.php?rest_route=\/wp\/v2\/media\/6890"}],"wp:attachment":[{"href":"https:\/\/obispadodezaratecampana.org\/index.php?rest_route=%2Fwp%2Fv2%2Fmedia&parent=6889"}],"wp:term":[{"taxonomy":"category","embeddable":true,"href":"https:\/\/obispadodezaratecampana.org\/index.php?rest_route=%2Fwp%2Fv2%2Fcategories&post=6889"},{"taxonomy":"post_tag","embeddable":true,"href":"https:\/\/obispadodezaratecampana.org\/index.php?rest_route=%2Fwp%2Fv2%2Ftags&post=6889"}],"curies":[{"name":"wp","href":"https:\/\/api.w.org\/{rel}","templated":true}]}}