{"id":6883,"date":"2014-08-26T12:31:10","date_gmt":"2014-08-26T15:31:10","guid":{"rendered":"http:\/\/obispadodezaratecampana.org\/?p=6883"},"modified":"2014-09-11T19:43:02","modified_gmt":"2014-09-11T22:43:02","slug":"viii-mision-juvenil-diocesana","status":"publish","type":"post","link":"https:\/\/obispadodezaratecampana.org\/?p=6883","title":{"rendered":"VIII MISION JUVENIL DIOCESANA &#8211; Maquinista Savio"},"content":{"rendered":"<p><img fetchpriority=\"high\" decoding=\"async\" class=\" wp-image-6885 aligncenter\" src=\"http:\/\/obispadodezaratecampana.org\/wp-content\/uploads\/2014\/08\/10608351_10204765064951236_7901235129928018464_o-300x212.jpg\" alt=\"10608351_10204765064951236_7901235129928018464_o\" width=\"474\" height=\"238\" \/><\/p>\n<p>Mail para consultas: misionjuvenildiocesanazc@gmail.com<\/p>\n<p>PRE INSCRIPCI\u00d3N desde el martes 26 de agosto, en este enlace (completar todos los datos y por mail luego les llegar\u00e1 la ficha m\u00e9dica y autorizaci\u00f3n para menores de 18 a\u00f1os) :<\/p>\n<p><a title=\"preinsc\" href=\"https:\/\/docs.google.com\/forms\/d\/1sKZlZr4HuHYRIbg2uRAwDLehF8FhOEHJz-GfrPc0kfE\/viewform?c=0&amp;w=1&amp;usp=mail_form_link\">\u00a0https:\/\/docs.google.com\/forms\/d\/1sKZlZr4HuHYRIbg2uRAwDLehF8FhOEHJz-GfrPc0kfE\/viewform?c=0&amp;w=1&amp;usp=mail_form_link<\/a><\/p>\n<p>\u00a1\u00a1NUEVO ENLACE!! DISPONIBLE las fichas de Autorizaci\u00f3n y M\u00e9dicas:<\/p>\n<p><a title=\"fichas\" href=\"https:\/\/www.dropbox.com\/sh\/q10nwd7rtb6fcmd\/AAAB6J_d6chpwnpCmTdCM2WZa?n=110906853\">https:\/\/www.dropbox.com\/sh\/q10nwd7rtb6fcmd\/AAAB6J_d6chpwnpCmTdCM2WZa?n=110906853<\/a><\/p>\n<p>Para consultas y novedades acerca de la VIII MJD, \u00a0el facebook de la Pastoral Juvenil:<\/p>\n<p><a title=\"pastoral \" href=\"https:\/\/www.facebook.com\/pastoraljuvenil.zaratecampana?fref=ts\">https:\/\/www.facebook.com\/pastoraljuvenil.zaratecampana?fref=ts<\/a><\/p>\n<!-- AddThis Advanced Settings generic via filter on the_content --><!-- AddThis Share Buttons generic via filter on the_content -->","protected":false},"excerpt":{"rendered":"<p>Mail para consultas: misionjuvenildiocesanazc@gmail.com PRE INSCRIPCI\u00d3N desde el martes 26 de agosto, en este enlace (completar todos los datos y por mail luego les llegar\u00e1 [&hellip;]<!-- AddThis Advanced Settings generic via filter on get_the_excerpt --><!-- AddThis Share Buttons generic via filter on get_the_excerpt --><\/p>\n","protected":false},"author":2,"featured_media":6885,"comment_status":"open","ping_status":"open","sticky":false,"template":"","format":"standard","meta":{"footnotes":""},"categories":[1],"tags":[],"class_list":["post-6883","post","type-post","status-publish","format-standard","has-post-thumbnail","hentry","category-noticiasdiocesanas"],"_links":{"self":[{"href":"https:\/\/obispadodezaratecampana.org\/index.php?rest_route=\/wp\/v2\/posts\/6883","targetHints":{"allow":["GET"]}}],"collection":[{"href":"https:\/\/obispadodezaratecampana.org\/index.php?rest_route=\/wp\/v2\/posts"}],"about":[{"href":"https:\/\/obispadodezaratecampana.org\/index.php?rest_route=\/wp\/v2\/types\/post"}],"author":[{"embeddable":true,"href":"https:\/\/obispadodezaratecampana.org\/index.php?rest_route=\/wp\/v2\/users\/2"}],"replies":[{"embeddable":true,"href":"https:\/\/obispadodezaratecampana.org\/index.php?rest_route=%2Fwp%2Fv2%2Fcomments&post=6883"}],"version-history":[{"count":7,"href":"https:\/\/obispadodezaratecampana.org\/index.php?rest_route=\/wp\/v2\/posts\/6883\/revisions"}],"predecessor-version":[{"id":7107,"href":"https:\/\/obispadodezaratecampana.org\/index.php?rest_route=\/wp\/v2\/posts\/6883\/revisions\/7107"}],"wp:featuredmedia":[{"embeddable":true,"href":"https:\/\/obispadodezaratecampana.org\/index.php?rest_route=\/wp\/v2\/media\/6885"}],"wp:attachment":[{"href":"https:\/\/obispadodezaratecampana.org\/index.php?rest_route=%2Fwp%2Fv2%2Fmedia&parent=6883"}],"wp:term":[{"taxonomy":"category","embeddable":true,"href":"https:\/\/obispadodezaratecampana.org\/index.php?rest_route=%2Fwp%2Fv2%2Fcategories&post=6883"},{"taxonomy":"post_tag","embeddable":true,"href":"https:\/\/obispadodezaratecampana.org\/index.php?rest_route=%2Fwp%2Fv2%2Ftags&post=6883"}],"curies":[{"name":"wp","href":"https:\/\/api.w.org\/{rel}","templated":true}]}}