{"id":6856,"date":"2014-08-20T23:05:43","date_gmt":"2014-08-21T02:05:43","guid":{"rendered":"http:\/\/obispadodezaratecampana.org\/?p=6856"},"modified":"2014-08-20T23:05:43","modified_gmt":"2014-08-21T02:05:43","slug":"viernes-5-de-septiembre-sigueme-campana","status":"publish","type":"post","link":"https:\/\/obispadodezaratecampana.org\/?p=6856","title":{"rendered":"VIERNES 5 DE SEPTIEMBRE: S\u00cdGUEME &#8211; CAMPANA"},"content":{"rendered":"<p>&nbsp;<\/p>\n<p>&nbsp;<\/p>\n<p><img fetchpriority=\"high\" decoding=\"async\" class=\" wp-image-6857 aligncenter\" src=\"http:\/\/obispadodezaratecampana.org\/wp-content\/uploads\/2014\/08\/10629459_10204450512733682_3472490999165411545_o-300x111.jpg\" alt=\"10629459_10204450512733682_3472490999165411545_o\" width=\"467\" height=\"111\" \/><\/p>\n<p>Les compartimos esta invitaci\u00f3n para varones mayores de 15 a\u00f1os:<\/p>\n<p><em>\u00a1Volvimos! Este mes el S\u00edgueme se har\u00e1 en el Seminario Zarate Campana y contamos con vos!<\/em><br \/>\n<em>Para los que no saben&#8230;<\/em><br \/>\n<em>S\u00edgueme es la continuaci\u00f3n de las noches heroicas que se realizaron a\u00f1os anteriores; es un encuentro de oraci\u00f3n y formaci\u00f3n, para varones mayores de 15 a\u00f1os, recorre las diferentes comunidades de la di\u00f3cesis. Durante cada encuentro se trata un tema (Mar\u00eda, Iglesia, Comunidad, etc), durante la noche se hace un tiempo de oraci\u00f3n comunitaria adorando a Jes\u00fas en el Sant\u00edsimo Sacramento y finaliza luego de la Misa del s\u00e1bado por la ma\u00f1ana.<\/em><\/p>\n<p>Desde el viernes 5 de septiembre a las 17: 30 hs hasta el s\u00e1bado 6 de septiembre a las\u00a09:30 hs.<\/p>\n<p>Lugar: Seminario Diocesano San Pedro y San Pablo &#8211; Guemes 1117 &#8211; Campana<\/p>\n<p>Evento en facebook:<a title=\"sigueme\" href=\"https:\/\/www.facebook.com\/events\/277313789130765\/?ref_newsfeed_story_type=regular\">\u00a0https:\/\/www.facebook.com\/events\/277313789130765\/?ref_newsfeed_story_type=regular<\/a><\/p>\n<!-- AddThis Advanced Settings generic via filter on the_content --><!-- AddThis Share Buttons generic via filter on the_content -->","protected":false},"excerpt":{"rendered":"<p>&nbsp; &nbsp; Les compartimos esta invitaci\u00f3n para varones mayores de 15 a\u00f1os: \u00a1Volvimos! Este mes el S\u00edgueme se har\u00e1 en el Seminario Zarate Campana y [&hellip;]<!-- AddThis Advanced Settings generic via filter on get_the_excerpt --><!-- AddThis Share Buttons generic via filter on get_the_excerpt --><\/p>\n","protected":false},"author":2,"featured_media":6857,"comment_status":"open","ping_status":"open","sticky":false,"template":"","format":"standard","meta":{"footnotes":""},"categories":[1],"tags":[],"class_list":["post-6856","post","type-post","status-publish","format-standard","has-post-thumbnail","hentry","category-noticiasdiocesanas"],"_links":{"self":[{"href":"https:\/\/obispadodezaratecampana.org\/index.php?rest_route=\/wp\/v2\/posts\/6856","targetHints":{"allow":["GET"]}}],"collection":[{"href":"https:\/\/obispadodezaratecampana.org\/index.php?rest_route=\/wp\/v2\/posts"}],"about":[{"href":"https:\/\/obispadodezaratecampana.org\/index.php?rest_route=\/wp\/v2\/types\/post"}],"author":[{"embeddable":true,"href":"https:\/\/obispadodezaratecampana.org\/index.php?rest_route=\/wp\/v2\/users\/2"}],"replies":[{"embeddable":true,"href":"https:\/\/obispadodezaratecampana.org\/index.php?rest_route=%2Fwp%2Fv2%2Fcomments&post=6856"}],"version-history":[{"count":1,"href":"https:\/\/obispadodezaratecampana.org\/index.php?rest_route=\/wp\/v2\/posts\/6856\/revisions"}],"predecessor-version":[{"id":6858,"href":"https:\/\/obispadodezaratecampana.org\/index.php?rest_route=\/wp\/v2\/posts\/6856\/revisions\/6858"}],"wp:featuredmedia":[{"embeddable":true,"href":"https:\/\/obispadodezaratecampana.org\/index.php?rest_route=\/wp\/v2\/media\/6857"}],"wp:attachment":[{"href":"https:\/\/obispadodezaratecampana.org\/index.php?rest_route=%2Fwp%2Fv2%2Fmedia&parent=6856"}],"wp:term":[{"taxonomy":"category","embeddable":true,"href":"https:\/\/obispadodezaratecampana.org\/index.php?rest_route=%2Fwp%2Fv2%2Fcategories&post=6856"},{"taxonomy":"post_tag","embeddable":true,"href":"https:\/\/obispadodezaratecampana.org\/index.php?rest_route=%2Fwp%2Fv2%2Ftags&post=6856"}],"curies":[{"name":"wp","href":"https:\/\/api.w.org\/{rel}","templated":true}]}}