{"id":6852,"date":"2014-08-20T22:46:32","date_gmt":"2014-08-21T01:46:32","guid":{"rendered":"http:\/\/obispadodezaratecampana.org\/?p=6852"},"modified":"2014-08-20T22:46:32","modified_gmt":"2014-08-21T01:46:32","slug":"francisco-miercoles-20-de-agosto","status":"publish","type":"post","link":"https:\/\/obispadodezaratecampana.org\/?p=6852","title":{"rendered":"Francisco: Mi\u00e9rcoles 20 de agosto."},"content":{"rendered":"<p>Compartiendo en lengua italiana su gratitud y reflexi\u00f3n, despu\u00e9s de su viaje pastoral a Corea, el Obispo de Roma expres\u00f3 a los peregrinos que, \u201cen la historia de la fe en Corea se ve c\u00f3mo Cristo no anula las culturas, no suprime el camino de los pueblos que a trav\u00e9s de los siglos y los milenios buscan la verdad y practican el amor por Dios y el pr\u00f3jimo\u201d. Afirm\u00f3 que \u201cCristo no abroga lo que es bueno, sino que lo lleva a cumplimiento. En cambio, lo que Cristo combate y derrota es al maligno, que siembra ciza\u00f1a entre hombre y hombre, entre pueblo y pueblo\u201d.<br \/>\nReunidos en el Aula Pablo VI, con capacidad para 8 mil personas y con una multitud que esperaba a Francisco fuera del Aula, el Papa se explay\u00f3 sobre la intensa actividad desarrollada en Corea, con la beatificaci\u00f3n de 124 m\u00e1rtires, la Jornada de la Juventud Asi\u00e1tica y la Misa por la paz y la reconciliaci\u00f3n en la pen\u00ednsula dividida.<br \/>\n\u201cHe podido visitar una Iglesia joven y din\u00e1mica, fundada en el testimonio de los m\u00e1rtires y animada por esp\u00edritu misionero, en un Pa\u00eds d\u00f3nde se encuentran antiguas culturas asi\u00e1ticas y la perenne novedad de Evangelio\u201d relat\u00f3 Francisco. \u201cLa Iglesia es una familia espiritual en la cual los adultos transmiten a los j\u00f3venes la llama de la fe recibida por los ancianos\u201d, \u201cel joven siempre es una persona en b\u00fasqueda de algo por lo cual valga la pena vivir, y el m\u00e1rtir da testimonio de algo, es m\u00e1s, de Alguien por el cual vale la pena dar la vida. Esta realidad es el Amor, es Dios, que se ha hecho carne en Jes\u00fas, el Testigo del Padre\u201d.<br \/>\nEl Obispo de Roma explic\u00f3 que \u201clos primeros cristianos coreanos se propusieron como modelo la comunidad apost\u00f3lica de Jerusal\u00e9n, practicando el amor fraterno que supera toda diferencia social. Por eso \u2013dijo- he alentado a los cristianos de hoy a que sean generosos en el compartir con los m\u00e1s pobres y los excluidos, seg\u00fan el Evangelio de Mateo en el cap\u00edtulo 25: &#8220;Les aseguro que cada vez que lo hicieron con el m\u00e1s peque\u00f1o de mis hermanos, lo hicieron conmigo&#8221;.<\/p>\n<p><strong>Palabras del Santo Padre en la audiencia<\/strong><\/p>\n<p>Queridos hermanos y hermanas, \u00a1buenos d\u00edas!<br \/>\nEn los d\u00edas pasados he realizado un viaje apost\u00f3lico a Corea y hoy junto a ustedes, agradezco al Se\u00f1or por este gran don. He podido visitar una Iglesia joven y din\u00e1mica, fundada en el testimonio de los m\u00e1rtires y animada por El Esp\u00edritu misionero, en un Pa\u00eds donde se encuentran antiguas culturas asi\u00e1ticas y la perenne novedad del Evangelio: te las encuentras a ambas.<br \/>\nDeseo nuevamente expresar mi gratitud a los queridos hermanos Obispos de Corea, a la Se\u00f1ora Presidenta de la Rep\u00fablica, a las otras Autoridades y a todos los que han colaborado para mi visita.<br \/>\nEl significado de este viaje apost\u00f3lico se puede condensar en tres palabras: memoria, esperanza, testimonio.<br \/>\nLa Rep\u00fablica de Corea es un Pa\u00eds que ha tenido un notable y r\u00e1pido desarrollo econ\u00f3mico. Sus habitantes son grandes trabajadores, disciplise os, ordese os y deben mantener la fuerza heredada de sus antepasados.<br \/>\nEn esta situaci\u00f3n, la Iglesia es custodia de la memoria y de la esperanza: es una familia espiritual en la cual los adultos transmiten a los j\u00f3venes la llama de la fe recibida de los ancianos; la memoria de los testigos del pasado se transforma en nuevo testimonio en el presente y esperanza de futuro. En esta perspectiva se pueden leer los dos eventos principales de este viaje: la beatificaci\u00f3n de 124 m\u00e1rtires coreanos, que se agregan a aquellos ya canonizados 30 a\u00f1os atr\u00e1s por san Juan Pablo II; y el encuentro con los j\u00f3venes, en ocasi\u00f3n de la sexta Jornada de la Juventud Asi\u00e1tica.<br \/>\nEl joven siempre es una persona en b\u00fasqueda de algo por lo cual valga la pena vivir, y el m\u00e1rtir da testimonio de algo, es m\u00e1s, de Alguien por el cual vale la pena dar la vida. Esta realidad es el Amor de Dios, que se ha hecho carne en Jes\u00fas, el Testigo del Padre. En los dos momentos del viaje dedicados a los j\u00f3venes, el Esp\u00edritu del Se\u00f1or resucitado nos ha llese o de alegr\u00eda y de esperanza, que los j\u00f3venes llevar\u00e1n a sus diversos pa\u00edses, \u00a1y que har\u00e1n tanto bien!<br \/>\nLa Iglesia en Corea custodia tambi\u00e9n la memoria del rol primario que tuvieron los laicos ya sea en los albores de la fe como en la obra de evangelizaci\u00f3n. En aquella tierra, de hecho, la comunidad cristiana no fue fundada por misioneros sino por un grupo de j\u00f3venes coreanos de la segundad mitad del 1.700, los cuales quedaron fascise os por algunos textos cristianos, los estudiaron a fondo y los eligieron como regla de vida. Uno de ellos fue enviado a Pek\u00edn para recibir el Bautismo y luego este laico bautiz\u00f3 a los compa\u00f1eros. De aquel primer n\u00facleo se desarroll\u00f3 una gran comunidad, que desde el comienzo y por cerca de un siglo sufri\u00f3 violentas persecuciones, con miles de m\u00e1rtires. Por lo tanto, la Iglesia en Corea est\u00e1 fundada sobre la fe, sobre el compromiso misionero y sobre el martirio de los fieles laicos.<br \/>\nLos primeros cristianos coreanos se propusieron como modelo la comunidad apost\u00f3lica de Jerusal\u00e9n, practicando el amor fraterno que supera toda diferencia social. Por eso he alentado a los cristianos de hoy a que sean generosos en el compartir con los m\u00e1s pobres y los excluidos, seg\u00fan el Evangelio de Mateo en el cap\u00edtulo 25: &#8220;Les aseguro que cada vez que lo hicieron con el m\u00e1s peque\u00f1o de mis hermanos, lo hicieron conmigo&#8221;.<br \/>\nQueridos hermanos, en la historia de la fe en Corea se ve como Cristo no anula las culturas, no suprime el camino de los pueblos que a trav\u00e9s de los siglos y los milenios buscan la verdad y practican el amor por Dios y el pr\u00f3jimo. Cristo no abroga lo que es bueno, sino que lo lleva adelante, lo lleva a cumplimiento.<br \/>\nEn cambio, lo que Cristo combate y derrota es el maligno, que siembra ciza\u00f1a entre hombre y hombre, entre pueblo y pueblo; que genera exclusi\u00f3n a causa de la idolatr\u00eda del dinero: que siembra el veneno de la nada en los corazones de los j\u00f3venes. Esto s\u00ed, Jesucristo lo ha combatido y lo ha vencido con su Sacrificio de amor. Y si nos quedamos con \u00c9l, en su amor, tambi\u00e9n nosotros como los m\u00e1rtires, podemos vivir y dar testimonio de su victoria.<br \/>\nCon esta fe hemos rezado y tambi\u00e9n ahora rezamos para que todos los hijos de la tierra coreana, que sufren las consecuencias de guerras y divisiones, puedan cumplir un camino de fraternidad y de reconciliaci\u00f3n.<br \/>\nEste viaje ha sido iluminado por la fiesta de Mar\u00eda Asunta al Cielo. Desde lo alto, donde reina con Cristo, la Madre de la Iglesia acompa\u00f1a el camino del pueblo de Dios, sostiene los pasos m\u00e1s arduos, consuela a cu\u00e1ntos est\u00e1n en la prueba y tiene abierto el horizonte de la esperanza. Por su maternal intercesi\u00f3n, el Se\u00f1or bendiga siempre al pueblo coreano, le done paz y prosperidad; y bendiga la Iglesia que vive en aquella tierra, para que sea siempre fecunda y llena de la alegr\u00eda del Evangelio.<\/p>\n<p>Fuente: www.news.va<\/p>\n<!-- AddThis Advanced Settings generic via filter on the_content --><!-- AddThis Share Buttons generic via filter on the_content -->","protected":false},"excerpt":{"rendered":"<p>Compartiendo en lengua italiana su gratitud y reflexi\u00f3n, despu\u00e9s de su viaje pastoral a Corea, el Obispo de Roma expres\u00f3 a los peregrinos que, \u201cen [&hellip;]<!-- AddThis Advanced Settings generic via filter on get_the_excerpt --><!-- AddThis Share Buttons generic via filter on get_the_excerpt --><\/p>\n","protected":false},"author":2,"featured_media":6854,"comment_status":"open","ping_status":"open","sticky":false,"template":"","format":"standard","meta":{"footnotes":""},"categories":[161],"tags":[],"class_list":["post-6852","post","type-post","status-publish","format-standard","has-post-thumbnail","hentry","category-el-papa-leonxiv"],"_links":{"self":[{"href":"https:\/\/obispadodezaratecampana.org\/index.php?rest_route=\/wp\/v2\/posts\/6852","targetHints":{"allow":["GET"]}}],"collection":[{"href":"https:\/\/obispadodezaratecampana.org\/index.php?rest_route=\/wp\/v2\/posts"}],"about":[{"href":"https:\/\/obispadodezaratecampana.org\/index.php?rest_route=\/wp\/v2\/types\/post"}],"author":[{"embeddable":true,"href":"https:\/\/obispadodezaratecampana.org\/index.php?rest_route=\/wp\/v2\/users\/2"}],"replies":[{"embeddable":true,"href":"https:\/\/obispadodezaratecampana.org\/index.php?rest_route=%2Fwp%2Fv2%2Fcomments&post=6852"}],"version-history":[{"count":1,"href":"https:\/\/obispadodezaratecampana.org\/index.php?rest_route=\/wp\/v2\/posts\/6852\/revisions"}],"predecessor-version":[{"id":6855,"href":"https:\/\/obispadodezaratecampana.org\/index.php?rest_route=\/wp\/v2\/posts\/6852\/revisions\/6855"}],"wp:featuredmedia":[{"embeddable":true,"href":"https:\/\/obispadodezaratecampana.org\/index.php?rest_route=\/wp\/v2\/media\/6854"}],"wp:attachment":[{"href":"https:\/\/obispadodezaratecampana.org\/index.php?rest_route=%2Fwp%2Fv2%2Fmedia&parent=6852"}],"wp:term":[{"taxonomy":"category","embeddable":true,"href":"https:\/\/obispadodezaratecampana.org\/index.php?rest_route=%2Fwp%2Fv2%2Fcategories&post=6852"},{"taxonomy":"post_tag","embeddable":true,"href":"https:\/\/obispadodezaratecampana.org\/index.php?rest_route=%2Fwp%2Fv2%2Ftags&post=6852"}],"curies":[{"name":"wp","href":"https:\/\/api.w.org\/{rel}","templated":true}]}}