{"id":6848,"date":"2014-08-20T22:12:48","date_gmt":"2014-08-21T01:12:48","guid":{"rendered":"http:\/\/obispadodezaratecampana.org\/?p=6848"},"modified":"2014-08-20T22:12:48","modified_gmt":"2014-08-21T01:12:48","slug":"agradecimiento-de-francisco-por-las-oraciones-y-condolencias","status":"publish","type":"post","link":"https:\/\/obispadodezaratecampana.org\/?p=6848","title":{"rendered":"Agradecimiento de Francisco por las oraciones y condolencias"},"content":{"rendered":"<p>Les agradezco por las condolencias y por la oraci\u00f3n: con estas palabras el Papa Francisco se dirigi\u00f3 a los fieles que participaron en la ma\u00f1ana del 20 de agosto, \u00a0en la audiencia general en el aula Pablo VI para agradecerles por su cercan\u00eda y oraci\u00f3n en este dif\u00edcil momento que atraviesa su familia, a causa de la p\u00e9rdida de tres de sus componentes en un tr\u00e1gico accidente de tr\u00e1nsito ocurrido ayer en Argentina.<\/p>\n<p>El Papa agradeci\u00f3 a los fieles con estas palabras:<\/p>\n<p><em>\u201cLes agradezco tambi\u00e9n a ustedes por las oraciones, las condolencias por lo que ha sucedido en mi familia. Tambi\u00e9n el Papa tiene una familia y nosotros \u00e9ramos cinco hermanos, tengo diecis\u00e9is sobrinos y uno de estos sobrinos ha tenido un accidente de tr\u00e1nsito y muri\u00f3 su esposa, los dos hijos peque\u00f1os de dos a\u00f1os y de pocos meses el otro. Y \u00e9l, en este momento, est\u00e1 en estado cr\u00edtico. Pero les agradezco tanto, tanto, por las condolencias y por la oraci\u00f3n\u201d.<\/em><\/p>\n<p>Fuente: www.news.va<\/p>\n<!-- AddThis Advanced Settings generic via filter on the_content --><!-- AddThis Share Buttons generic via filter on the_content -->","protected":false},"excerpt":{"rendered":"<p>Les agradezco por las condolencias y por la oraci\u00f3n: con estas palabras el Papa Francisco se dirigi\u00f3 a los fieles que participaron en la ma\u00f1ana [&hellip;]<!-- AddThis Advanced Settings generic via filter on get_the_excerpt --><!-- AddThis Share Buttons generic via filter on get_the_excerpt --><\/p>\n","protected":false},"author":2,"featured_media":6850,"comment_status":"open","ping_status":"open","sticky":false,"template":"","format":"standard","meta":{"footnotes":""},"categories":[161],"tags":[],"class_list":["post-6848","post","type-post","status-publish","format-standard","has-post-thumbnail","hentry","category-el-papa-leonxiv"],"_links":{"self":[{"href":"https:\/\/obispadodezaratecampana.org\/index.php?rest_route=\/wp\/v2\/posts\/6848","targetHints":{"allow":["GET"]}}],"collection":[{"href":"https:\/\/obispadodezaratecampana.org\/index.php?rest_route=\/wp\/v2\/posts"}],"about":[{"href":"https:\/\/obispadodezaratecampana.org\/index.php?rest_route=\/wp\/v2\/types\/post"}],"author":[{"embeddable":true,"href":"https:\/\/obispadodezaratecampana.org\/index.php?rest_route=\/wp\/v2\/users\/2"}],"replies":[{"embeddable":true,"href":"https:\/\/obispadodezaratecampana.org\/index.php?rest_route=%2Fwp%2Fv2%2Fcomments&post=6848"}],"version-history":[{"count":1,"href":"https:\/\/obispadodezaratecampana.org\/index.php?rest_route=\/wp\/v2\/posts\/6848\/revisions"}],"predecessor-version":[{"id":6851,"href":"https:\/\/obispadodezaratecampana.org\/index.php?rest_route=\/wp\/v2\/posts\/6848\/revisions\/6851"}],"wp:featuredmedia":[{"embeddable":true,"href":"https:\/\/obispadodezaratecampana.org\/index.php?rest_route=\/wp\/v2\/media\/6850"}],"wp:attachment":[{"href":"https:\/\/obispadodezaratecampana.org\/index.php?rest_route=%2Fwp%2Fv2%2Fmedia&parent=6848"}],"wp:term":[{"taxonomy":"category","embeddable":true,"href":"https:\/\/obispadodezaratecampana.org\/index.php?rest_route=%2Fwp%2Fv2%2Fcategories&post=6848"},{"taxonomy":"post_tag","embeddable":true,"href":"https:\/\/obispadodezaratecampana.org\/index.php?rest_route=%2Fwp%2Fv2%2Ftags&post=6848"}],"curies":[{"name":"wp","href":"https:\/\/api.w.org\/{rel}","templated":true}]}}