{"id":6845,"date":"2014-08-20T21:48:16","date_gmt":"2014-08-21T00:48:16","guid":{"rendered":"http:\/\/obispadodezaratecampana.org\/?p=6845"},"modified":"2014-08-20T21:48:16","modified_gmt":"2014-08-21T00:48:16","slug":"la-conferencia-episcopal-argentina-envio-cartas-de-salutacion-al-papa-y-sus-familiares","status":"publish","type":"post","link":"https:\/\/obispadodezaratecampana.org\/?p=6845","title":{"rendered":"La Conferencia Episcopal Argentina envi\u00f3 cartas de salutaci\u00f3n al Papa y sus familiares"},"content":{"rendered":"<p>La Conferencia Episcopal Argentina envi\u00f3 cartas de salutaci\u00f3n y condolencia al Papa Francisco y a los integrantes de las familias Bergoglio y Carmona para expresar su cercan\u00eda y afecto ante el momento de dolor que viven por el accidente de tr\u00e1nsito ocurrido ayer y en el cual perdieran la vida Valeria Carmona, Jos\u00e9 y Antonio Bergoglio.<br \/>\nMons. Jos\u00e9 Mar\u00eda Arancedo, en nombre de los obispos miembros de la Conferencia Episcopal, asegur\u00f3 al Santo Padre sus oraciones por \u00e9l, por toda la familia y especialmente por Emanuel, por su reestablecimiento y fortaleza espiritual. Tambi\u00e9n expres\u00f3 al Papa el deseo de que, a pesar de la distancia f\u00edsica, pueda sentir la cercan\u00eda y el abrazo fraternal de los obispos unidos a la oraci\u00f3n de todo el pueblo argentino por su persona y ministerio.<br \/>\nEn la carta a las familias Bergoglio y Carmona tambi\u00e9n se ponen a su disposici\u00f3n e invocan la intercesi\u00f3n de la Virgen del Luj\u00e1n para que los llene de su amor maternal y lo cubra con su manto.<\/p>\n<!-- AddThis Advanced Settings generic via filter on the_content --><!-- AddThis Share Buttons generic via filter on the_content -->","protected":false},"excerpt":{"rendered":"<p>La Conferencia Episcopal Argentina envi\u00f3 cartas de salutaci\u00f3n y condolencia al Papa Francisco y a los integrantes de las familias Bergoglio y Carmona para expresar [&hellip;]<!-- AddThis Advanced Settings generic via filter on get_the_excerpt --><!-- AddThis Share Buttons generic via filter on get_the_excerpt --><\/p>\n","protected":false},"author":2,"featured_media":6846,"comment_status":"open","ping_status":"open","sticky":false,"template":"","format":"standard","meta":{"footnotes":""},"categories":[161],"tags":[],"class_list":["post-6845","post","type-post","status-publish","format-standard","has-post-thumbnail","hentry","category-el-papa-leonxiv"],"_links":{"self":[{"href":"https:\/\/obispadodezaratecampana.org\/index.php?rest_route=\/wp\/v2\/posts\/6845","targetHints":{"allow":["GET"]}}],"collection":[{"href":"https:\/\/obispadodezaratecampana.org\/index.php?rest_route=\/wp\/v2\/posts"}],"about":[{"href":"https:\/\/obispadodezaratecampana.org\/index.php?rest_route=\/wp\/v2\/types\/post"}],"author":[{"embeddable":true,"href":"https:\/\/obispadodezaratecampana.org\/index.php?rest_route=\/wp\/v2\/users\/2"}],"replies":[{"embeddable":true,"href":"https:\/\/obispadodezaratecampana.org\/index.php?rest_route=%2Fwp%2Fv2%2Fcomments&post=6845"}],"version-history":[{"count":1,"href":"https:\/\/obispadodezaratecampana.org\/index.php?rest_route=\/wp\/v2\/posts\/6845\/revisions"}],"predecessor-version":[{"id":6847,"href":"https:\/\/obispadodezaratecampana.org\/index.php?rest_route=\/wp\/v2\/posts\/6845\/revisions\/6847"}],"wp:featuredmedia":[{"embeddable":true,"href":"https:\/\/obispadodezaratecampana.org\/index.php?rest_route=\/wp\/v2\/media\/6846"}],"wp:attachment":[{"href":"https:\/\/obispadodezaratecampana.org\/index.php?rest_route=%2Fwp%2Fv2%2Fmedia&parent=6845"}],"wp:term":[{"taxonomy":"category","embeddable":true,"href":"https:\/\/obispadodezaratecampana.org\/index.php?rest_route=%2Fwp%2Fv2%2Fcategories&post=6845"},{"taxonomy":"post_tag","embeddable":true,"href":"https:\/\/obispadodezaratecampana.org\/index.php?rest_route=%2Fwp%2Fv2%2Ftags&post=6845"}],"curies":[{"name":"wp","href":"https:\/\/api.w.org\/{rel}","templated":true}]}}