{"id":6814,"date":"2014-08-17T09:52:18","date_gmt":"2014-08-17T12:52:18","guid":{"rendered":"http:\/\/obispadodezaratecampana.org\/?p=6814"},"modified":"2014-08-17T09:52:18","modified_gmt":"2014-08-17T12:52:18","slug":"el-domingo-nacio-francisco-en-la-nunciatura-de-seul","status":"publish","type":"post","link":"https:\/\/obispadodezaratecampana.org\/?p=6814","title":{"rendered":"El domingo naci\u00f3 Francisco en la Nunciatura de Se\u00fal"},"content":{"rendered":"<p>La ma\u00f1ana del domingo en Se\u00fal el coreano Lee Ho Jin cumpli\u00f3 un sue\u00f1o largamente anhelado: ser bautizado. \u00c9l es el padre de una de las j\u00f3venes v\u00edctimas del naufragio del Sewol, que junto a otras familias saludaron personalmente al Santo Padre antes de la celebraci\u00f3n de la misa en Daejeon, y en donde pidi\u00f3 al Papa ser bautizado. La sencilla ceremonia de este domingo se llev\u00f3 a cabo en la Capilla de la Nunciatura Apost\u00f3lica, lugar de residencia del Pont\u00edfice durante el viaje. Lee Ho Jin, visiblemente emocionado, estaba acompa\u00f1ado por sus dos hijos restantes y por el sacerdote que lo present\u00f3 al Obispo de Roma el pasado 15 de agosto, durante la celebraci\u00f3n de la misa en el estadio de Daejeon. Fungi\u00f3 de padrino un laico miembro del personal de la nunciatura. La celebraci\u00f3n fue en coreano y estuvo guiada por el jesuita coreano que estos d\u00edas asiste al Santo Padre como int\u00e9rprete. El Pont\u00edfice particip\u00f3 personalmente al Bautismo con la infusi\u00f3n del agua y la unci\u00f3n del Sacro Crisma. Al bautizado se le dio el nombre Francisco. Como asegura el p. Lombardi en una nota, el Papa se alegr\u00f3 mucho por poder participar de esta manera \u2013 de forma no prevista- al gran ministerio de la administraci\u00f3n del bautismo de adultos de la Iglesia en Corea.<\/p>\n<p>Fuente: www.news.va<\/p>\n<!-- AddThis Advanced Settings generic via filter on the_content --><!-- AddThis Share Buttons generic via filter on the_content -->","protected":false},"excerpt":{"rendered":"<p>La ma\u00f1ana del domingo en Se\u00fal el coreano Lee Ho Jin cumpli\u00f3 un sue\u00f1o largamente anhelado: ser bautizado. \u00c9l es el padre de una de [&hellip;]<!-- AddThis Advanced Settings generic via filter on get_the_excerpt --><!-- AddThis Share Buttons generic via filter on get_the_excerpt --><\/p>\n","protected":false},"author":2,"featured_media":6815,"comment_status":"open","ping_status":"open","sticky":false,"template":"","format":"standard","meta":{"footnotes":""},"categories":[161],"tags":[],"class_list":["post-6814","post","type-post","status-publish","format-standard","has-post-thumbnail","hentry","category-el-papa-leonxiv"],"_links":{"self":[{"href":"https:\/\/obispadodezaratecampana.org\/index.php?rest_route=\/wp\/v2\/posts\/6814","targetHints":{"allow":["GET"]}}],"collection":[{"href":"https:\/\/obispadodezaratecampana.org\/index.php?rest_route=\/wp\/v2\/posts"}],"about":[{"href":"https:\/\/obispadodezaratecampana.org\/index.php?rest_route=\/wp\/v2\/types\/post"}],"author":[{"embeddable":true,"href":"https:\/\/obispadodezaratecampana.org\/index.php?rest_route=\/wp\/v2\/users\/2"}],"replies":[{"embeddable":true,"href":"https:\/\/obispadodezaratecampana.org\/index.php?rest_route=%2Fwp%2Fv2%2Fcomments&post=6814"}],"version-history":[{"count":1,"href":"https:\/\/obispadodezaratecampana.org\/index.php?rest_route=\/wp\/v2\/posts\/6814\/revisions"}],"predecessor-version":[{"id":6816,"href":"https:\/\/obispadodezaratecampana.org\/index.php?rest_route=\/wp\/v2\/posts\/6814\/revisions\/6816"}],"wp:featuredmedia":[{"embeddable":true,"href":"https:\/\/obispadodezaratecampana.org\/index.php?rest_route=\/wp\/v2\/media\/6815"}],"wp:attachment":[{"href":"https:\/\/obispadodezaratecampana.org\/index.php?rest_route=%2Fwp%2Fv2%2Fmedia&parent=6814"}],"wp:term":[{"taxonomy":"category","embeddable":true,"href":"https:\/\/obispadodezaratecampana.org\/index.php?rest_route=%2Fwp%2Fv2%2Fcategories&post=6814"},{"taxonomy":"post_tag","embeddable":true,"href":"https:\/\/obispadodezaratecampana.org\/index.php?rest_route=%2Fwp%2Fv2%2Ftags&post=6814"}],"curies":[{"name":"wp","href":"https:\/\/api.w.org\/{rel}","templated":true}]}}