{"id":6791,"date":"2014-08-16T19:35:49","date_gmt":"2014-08-16T22:35:49","guid":{"rendered":"http:\/\/obispadodezaratecampana.org\/?p=6791"},"modified":"2014-08-16T19:35:49","modified_gmt":"2014-08-16T22:35:49","slug":"visita-sorpresa-de-francisco-en-corea","status":"publish","type":"post","link":"https:\/\/obispadodezaratecampana.org\/?p=6791","title":{"rendered":"Visita sorpresa de Francisco en Corea"},"content":{"rendered":"<p>Ciudad del Vaticano, 15 de agosto de 2014 (Zenit.org)<\/p>\n<p>El intenso programa del santo padre Francisco en Corea a\u00fan deja huecos para la improvisaci\u00f3n. De forma inesperada, el Papa ha visitado la Sogang University, ateneo fundado por la Compa\u00f1\u00eda de Jes\u00fas en Se\u00fal en 1960. Lo ha hecho esta tarde, al volver del encuentro con los j\u00f3venes asi\u00e1ticos en Daejeon, antes de regresar a la nunciatura para concluir la segunda jornada del viaje.<\/p>\n<p>Entre los presentes, estaba el padre Antonio Spadaro, director de &#8220;Civilt\u00e0 Cattolica&#8221; y primer periodista en entrevistar al Papa, que ha contado algunos detalles del encuentro en Radio Vaticana.<\/p>\n<p>As\u00ed, ha indicado que el Papa decidi\u00f3 ayer ir a ver a sus hermanos jesuitas, y se lo dijo al padre Spadaro. &#8220;Ha sido algo absolutamente nuevo tambi\u00e9n para ellos, que se han quedado desconcertados, porque no sab\u00edan qu\u00e9 preparar ni c\u00f3mo&#8221;, ha indicado. Adem\u00e1s, &#8220;el encuentro ha sido de una sencillez incre\u00edble: un sentido de casa, de familia, de normalidad absolutamente grande, potente&#8221;.<\/p>\n<p>Durante el encuentro, se han presentado uno a uno, primero los novicios y luego los que se ocupan del apostolado espiritual, del apostolado juvenil. &#8220;Ha sido una gran fiesta&#8221;, afirma padre Spadaro en la entrevista.<\/p>\n<p>Asimismo, ha indicado que el Papa ha disfrutado mucho de este clima y despu\u00e9s de unas palabras introductorias de saludo, Francisco ha hablado espont\u00e1neamente. &#8220;Un discurso sencillo y potente, todo centrado en una sola palabra -consolaci\u00f3n- que para nosotros jesuitas es una palabra fundamental: la consolaci\u00f3n espiritual&#8221;, ha a\u00f1adido. El Papa les ha dicho que son &#8220;ministros de consolaci\u00f3n, que a veces en la Iglesia se experimentan fatigas, a veces heridas, y a veces la gente experimenta heridas tambi\u00e9n a causa de los ministros de la Iglesia&#8221;. De nuevo, como ya hizo en la entrevista con Civilt\u00e0 Cattolica, Francisco ha utilizado la expresi\u00f3n, &#8220;hospital de campo&#8221;.<\/p>\n<p>Por tanto, ha repetido de distintas formas y con acentos muy intensos, muy convencidos, &#8220;ser personas de consolaci\u00f3n, que dan paz a la gente, que calman las heridas&#8221;.<\/p>\n<p>(15 de agosto de 2014)<\/p>\n<!-- AddThis Advanced Settings generic via filter on the_content --><!-- AddThis Share Buttons generic via filter on the_content -->","protected":false},"excerpt":{"rendered":"<p>Ciudad del Vaticano, 15 de agosto de 2014 (Zenit.org) El intenso programa del santo padre Francisco en Corea a\u00fan deja huecos para la improvisaci\u00f3n. De [&hellip;]<!-- AddThis Advanced Settings generic via filter on get_the_excerpt --><!-- AddThis Share Buttons generic via filter on get_the_excerpt --><\/p>\n","protected":false},"author":2,"featured_media":6792,"comment_status":"open","ping_status":"open","sticky":false,"template":"","format":"standard","meta":{"footnotes":""},"categories":[161],"tags":[],"class_list":["post-6791","post","type-post","status-publish","format-standard","has-post-thumbnail","hentry","category-el-papa-leonxiv"],"_links":{"self":[{"href":"https:\/\/obispadodezaratecampana.org\/index.php?rest_route=\/wp\/v2\/posts\/6791","targetHints":{"allow":["GET"]}}],"collection":[{"href":"https:\/\/obispadodezaratecampana.org\/index.php?rest_route=\/wp\/v2\/posts"}],"about":[{"href":"https:\/\/obispadodezaratecampana.org\/index.php?rest_route=\/wp\/v2\/types\/post"}],"author":[{"embeddable":true,"href":"https:\/\/obispadodezaratecampana.org\/index.php?rest_route=\/wp\/v2\/users\/2"}],"replies":[{"embeddable":true,"href":"https:\/\/obispadodezaratecampana.org\/index.php?rest_route=%2Fwp%2Fv2%2Fcomments&post=6791"}],"version-history":[{"count":1,"href":"https:\/\/obispadodezaratecampana.org\/index.php?rest_route=\/wp\/v2\/posts\/6791\/revisions"}],"predecessor-version":[{"id":6793,"href":"https:\/\/obispadodezaratecampana.org\/index.php?rest_route=\/wp\/v2\/posts\/6791\/revisions\/6793"}],"wp:featuredmedia":[{"embeddable":true,"href":"https:\/\/obispadodezaratecampana.org\/index.php?rest_route=\/wp\/v2\/media\/6792"}],"wp:attachment":[{"href":"https:\/\/obispadodezaratecampana.org\/index.php?rest_route=%2Fwp%2Fv2%2Fmedia&parent=6791"}],"wp:term":[{"taxonomy":"category","embeddable":true,"href":"https:\/\/obispadodezaratecampana.org\/index.php?rest_route=%2Fwp%2Fv2%2Fcategories&post=6791"},{"taxonomy":"post_tag","embeddable":true,"href":"https:\/\/obispadodezaratecampana.org\/index.php?rest_route=%2Fwp%2Fv2%2Ftags&post=6791"}],"curies":[{"name":"wp","href":"https:\/\/api.w.org\/{rel}","templated":true}]}}