{"id":6779,"date":"2014-08-16T16:55:12","date_gmt":"2014-08-16T19:55:12","guid":{"rendered":"http:\/\/obispadodezaratecampana.org\/?p=6779"},"modified":"2014-08-16T17:43:17","modified_gmt":"2014-08-16T20:43:17","slug":"a-maria-le-ofrecemos-nuestras-alegrias-sufrimientos-y-esperanzas","status":"publish","type":"post","link":"https:\/\/obispadodezaratecampana.org\/?p=6779","title":{"rendered":"A Mar\u00eda le ofrecemos nuestras alegr\u00edas, sufrimientos y esperanzas"},"content":{"rendered":"<p>Se\u00fal, 15 de agosto de 2014 (Zenit.org) El santo padre Francisco al concluir la misa que celebr\u00f3 en el estadio World Cup Stadium, en la ciudad de Daejon, rez\u00f3 la oraci\u00f3n del \u00e1ngelus. Poco antes de la oraci\u00f3n dirigi\u00f3 en ingl\u00e9s las siguientes palabras: &#8220;Queridos hermanos y hermanas: Al final de la Misa, nos dirigimos de nuevo a Mar\u00eda, Reina del Cielo. Le ofrecemos nuestras alegr\u00edas, sufrimientos y esperanzas. Le confiamos de modo especial a cuantos han perdido la vida en el naufragio del ferry \u201cSe Wol\u201d, as\u00ed como a los que todav\u00eda hoy sufren las consecuencias de esta gran desgracia nacional. El Se\u00f1or acoja a los difuntos en su paz, consuele a los que lloran, y siga sosteniendo a quienes han acudido generosamente en auxilio de sus hermanos y hermanas. Que este tr\u00e1gico suceso, que ha unido a los coreanos en el dolor, refuerce tambi\u00e9n su voluntad de colaborar solidariamente en el bien com\u00fan. Pidamos tambi\u00e9n a la Virgen Mar\u00eda que vuelva sus ojos misericordiosos sobre cuantos sufren, en especial los enfermos, los pobres y los que carecen de un trabajo digno. Finalmente, en este d\u00eda que Corea celebra su liberaci\u00f3n, pedimos a la Virgen Mar\u00eda que proteja a esta noble naci\u00f3n y a sus ciudadanos. Ponemos bajo su amparo a los j\u00f3venes que, venidos de toda Asia, se han reunido en estos d\u00edas. Que se conviertan en heraldos gozosos del alba de un mundo de paz, seg\u00fan el designio bendito de Dios&#8221;.<\/p>\n<h2 style=\"font-weight: bold; color: #545454;\"><\/h2>\n<p><strong>Texto de la homil\u00ed\u00ada del Papa en la misa de la juventud asi\u00e1tica<\/strong> El santo padre Francisco en la misa celebrada en el estadio de Daejon, este viernes 15 de agosto, d\u00eda de la Asunci\u00f3n de Mar\u00eda, con motivo de la VI Jornada Asi\u00e1tica de la Juventud, dirigi\u00f3 las siguientes palabras: \u00abQueridos hermanos y hermanas en Cristo: En uni\u00f3n con toda la Iglesia celebramos la Asunci\u00f3n de Nuestra Se\u00f1ora en cuerpo y alma a la gloria del cielo. La Asunci\u00f3n de Mar\u00eda nos muestra nuestro destino como hijos adoptivos de Dios y miembros del Cuerpo de Cristo. Como Mar\u00eda, nuestra Madre, estamos llamados a participar plenamente en la victoria del Se\u00f1or sobre el pecado y sobre la muerte y a reinar con \u00e9l en su Reino eterno. La \u201cgran se\u00f1al\u201d que nos presenta la primera lectura \u2013una mujer vestida de sol coronada de estrellas nos invita a contemplar a Mar\u00eda, entronizada en la gloria junto a su divino Hijo. Nos invita a tomar conciencia del futuro que tambi\u00e9n hoy el Se\u00f1or resucitado nos ofrece. Los coreanos tradicionalmente celebran esta fiesta a la luz de su experiencia hist\u00f3rica, reconociendo la amorosa intercesi\u00f3n de Mar\u00eda en la historia de la naci\u00f3n y en la vida del pueblo. En la segunda lectura hemos escuchado a san Pablo dici\u00e9ndonos que Cristo es el nuevo Ad\u00e1n, cuya obediencia a la voluntad del Padre ha destruido el reino del pecado y de la esclavitud y ha inaugurado el reino de la vida y de la libertad. La verdadera libertad se encuentra en la acogida amorosa de la voluntad del Padre. De Mar\u00eda, llena de gracia, aprendemos que la libertad cristiana es algo m\u00e1s que la simple liberaci\u00f3n del pecado. Es la libertad que nos permite ver las realidades terrenas con una nueva luz espiritual, la libertad para amar a Dios y a los hermanos con un coraz\u00f3n puro y vivir en la gozosa esperanza de la venida del Reino de Cristo. Hoy, venerando a Mar\u00eda, Reina del Cielo, nos dirigimos a ella como Madre de la Iglesia en Corea. Le pedimos que nos ayude a ser fieles a la libertad real que hemos recibido el d\u00eda de nuestro bautismo, que gu\u00ede nuestros esfuerzos para transformar el mundo seg\u00fan el plan de Dios, y que haga que la Iglesia de este pa\u00eds sea m\u00e1s plenamente levadura de su Reino en medio de la sociedad coreana. Que los cristianos de esta naci\u00f3n sean una fuerza generosa de renovaci\u00f3n espiritual en todos los \u00e1mbitos de la sociedad. Que combatan la fascinaci\u00f3n de un materialismo que ahoga los aut\u00e9nticos valores espirituales y culturales y el esp\u00edritu de competici\u00f3n desenfrenada que genera ego\u00edsmo y hostilidad. Que rechacen modelos econ\u00f3micos inhumanos, que crean nuevas formas de pobreza y marginan a los trabajadores, as\u00ed como la cultura de la muerte, que deval\u00faa la imagen de Dios, el Dios de la vida, y atenta contra la dignidad de todo hombre, mujer y ni\u00f1o. Como cat\u00f3licos coreanos, herederos de una noble tradici\u00f3n, ustedes est\u00e1n llamados a valorar este legado y a transmitirlo a las generaciones futuras. Lo cual requiere de todos una renovada conversi\u00f3n a la Palabra de Dios y una intensa solicitud por los pobres, los necesitados y los d\u00e9biles de nuestra sociedad. Con esta celebraci\u00f3n, nos unimos a toda la Iglesia extendida por el mundo que ve en Mar\u00eda la Madre de nuestra esperanza. Su c\u00e1ntico de alabanza nos recuerda que Dios no se olvida nunca de sus promesas de misericordia . Mar\u00eda es la llena de gracia porque \u00abha cre\u00eddo\u00bb que lo que le ha dicho el Se\u00f1or se cumplir\u00eda. En ella, todas las promesas divinas se han revelado verdaderas. Entronizada en la gloria, nos muestra que nuestra esperanza es real; y tambi\u00e9n hoy esa esperanza, \u00abcomo ancla del alma, segura y firme\u00bb, nos aferra all\u00ed donde Cristo est\u00e1 sentado en su gloria. Esta esperanza, queridos hermanos y hermanas, la esperanza que nos ofrece el Evangelio, es el ant\u00eddoto contra el esp\u00edritu de desesperaci\u00f3n que parece extenderse como un c\u00e1ncer en una sociedad exteriormente rica, pero que a menudo experimenta amargura interior y vac\u00edo. Esta desesperaci\u00f3n ha dejado secuelas en muchos de nuestros j\u00f3venes. Que los j\u00f3venes que nos acompa\u00f1an estos d\u00edas con su alegr\u00eda y su confianza no se dejen nunca robar la esperanza. Dirij\u00e1monos a Mar\u00eda, Madre de Dios, e imploremos la gracia de gozar de la libertad de los hijos de Dios, de usar esta libertad con sabidur\u00eda para servir a nuestros hermanos y de vivir y actuar de modo que seamos signo de esperanza, esa esperanza que encontrar\u00e1 su cumplimiento en el Reino eterno, all\u00ed donde reinar es servir. Am\u00e9n\u00bb<\/p>\n<!-- AddThis Advanced Settings generic via filter on the_content --><!-- AddThis Share Buttons generic via filter on the_content -->","protected":false},"excerpt":{"rendered":"<p>Se\u00fal, 15 de agosto de 2014 (Zenit.org) El santo padre Francisco al concluir la misa que celebr\u00f3 en el estadio World Cup Stadium, en la [&hellip;]<!-- AddThis Advanced Settings generic via filter on get_the_excerpt --><!-- AddThis Share Buttons generic via filter on get_the_excerpt --><\/p>\n","protected":false},"author":2,"featured_media":6786,"comment_status":"open","ping_status":"open","sticky":false,"template":"","format":"standard","meta":{"footnotes":""},"categories":[161],"tags":[],"class_list":["post-6779","post","type-post","status-publish","format-standard","has-post-thumbnail","hentry","category-el-papa-leonxiv"],"_links":{"self":[{"href":"https:\/\/obispadodezaratecampana.org\/index.php?rest_route=\/wp\/v2\/posts\/6779","targetHints":{"allow":["GET"]}}],"collection":[{"href":"https:\/\/obispadodezaratecampana.org\/index.php?rest_route=\/wp\/v2\/posts"}],"about":[{"href":"https:\/\/obispadodezaratecampana.org\/index.php?rest_route=\/wp\/v2\/types\/post"}],"author":[{"embeddable":true,"href":"https:\/\/obispadodezaratecampana.org\/index.php?rest_route=\/wp\/v2\/users\/2"}],"replies":[{"embeddable":true,"href":"https:\/\/obispadodezaratecampana.org\/index.php?rest_route=%2Fwp%2Fv2%2Fcomments&post=6779"}],"version-history":[{"count":4,"href":"https:\/\/obispadodezaratecampana.org\/index.php?rest_route=\/wp\/v2\/posts\/6779\/revisions"}],"predecessor-version":[{"id":6787,"href":"https:\/\/obispadodezaratecampana.org\/index.php?rest_route=\/wp\/v2\/posts\/6779\/revisions\/6787"}],"wp:featuredmedia":[{"embeddable":true,"href":"https:\/\/obispadodezaratecampana.org\/index.php?rest_route=\/wp\/v2\/media\/6786"}],"wp:attachment":[{"href":"https:\/\/obispadodezaratecampana.org\/index.php?rest_route=%2Fwp%2Fv2%2Fmedia&parent=6779"}],"wp:term":[{"taxonomy":"category","embeddable":true,"href":"https:\/\/obispadodezaratecampana.org\/index.php?rest_route=%2Fwp%2Fv2%2Fcategories&post=6779"},{"taxonomy":"post_tag","embeddable":true,"href":"https:\/\/obispadodezaratecampana.org\/index.php?rest_route=%2Fwp%2Fv2%2Ftags&post=6779"}],"curies":[{"name":"wp","href":"https:\/\/api.w.org\/{rel}","templated":true}]}}