{"id":6770,"date":"2014-08-16T14:57:20","date_gmt":"2014-08-16T17:57:20","guid":{"rendered":"http:\/\/obispadodezaratecampana.org\/?p=6770"},"modified":"2014-08-16T15:54:06","modified_gmt":"2014-08-16T18:54:06","slug":"6770","status":"publish","type":"post","link":"https:\/\/obispadodezaratecampana.org\/?p=6770","title":{"rendered":"Papa Francisco est\u00e1 &#8220;en muy buena forma y lleno de entusiasmo&#8221; en su primera e hist\u00f3rica visita a Corea del Sur."},"content":{"rendered":"<p>Se\u00fal, 16\/8\/14. El director de la Sala de Prensa de la Santa Sede, P. Federico Lombardi, se\u00f1al\u00f3 esta noche (hora local) que el Papa Francisco est\u00e1 &#8220;en muy buena forma y lleno de entusiasmo&#8221; en su primera e hist\u00f3rica visita a Corea del Sur.<\/p>\n<p>En conferencia de prensa realizada en el Media Press Center ubicado en el Lotte Hotel de Se\u00fal, el sacerdote explic\u00f3 que ha conversado esta tarde con el Pont\u00edfice en la Nunciatura Apost\u00f3lica y ha podido comprobar, no solo que el Papa est\u00e1 con un &#8220;maravilloso estado de salud&#8221; sino que tambi\u00e9n &#8220;est\u00e1 en muy buena forma y lleno de entusiasmo&#8221;.<\/p>\n<p>Pese a la recargada agenda que cumple el Pont\u00edfice en Corea en donde el calor en esta \u00e9poca del a\u00f1o es bastante fuerte, el Santo Padre le dijo al sacerdote que esto se debe a lo que se llama en italiano la &#8220;grazia di stato&#8221;.<\/p>\n<p>Esto quiere decir, prosigui\u00f3 el P. Lombardi, &#8220;la gracia que da el Se\u00f1or a cada uno para lo que tiene que hacer en cada momento de la vida&#8221;.<\/p>\n<p>El director de la sala de prensa tambi\u00e9n se refiri\u00f3 al proyecto que tiene la ciudad para construir un Santuario dedicado a los m\u00e1rtires con una capilla subterr\u00e1nea (en Se\u00fal hay centros comerciales y otras edificaciones enteras subterr\u00e1neas) con un parque en el exterior. Esto dijo el P. Lombardi es &#8220;importante para la comunidad cat\u00f3lica&#8221;.<\/p>\n<p>Luego de comentar que durante su recorrido por las calles de Se\u00fal antes de la Misa, el Papa se detuvo a escuchar a uno de los familiares de las v\u00edctimas del ferry de Sewol, el sacerdote jesuita cont\u00f3 que en la localidad de Kkottongnae, donde el Papa visit\u00f3 la Casa de la Esperanza, hubo un coro de 25 personas indigentes cantando para darle la bienvenida al Santo Padre.<\/p>\n<p>Esto dijo, recuerda la especial cercan\u00eda del Papa con los desfavorecidos &#8220;como los cartoneros de Buenos Aires con los que \u00e9l (el Santo Padre) manten\u00eda una cercana amistad&#8221;.<\/p>\n<p>El P. Lombardi cont\u00f3 que luego de la visita a la Casa de la Esperanza, el Papa salud\u00f3 a un misionero de Daejeon que no tiene manos ni piernas, al que consider\u00f3 &#8220;un gran testimonio al servicio de la fe, pese a sus limitaciones f\u00edsicas. Un signo de lo que es importante para nosotros y lo que no&#8221;.<\/p>\n<p>Fuente: www.aciprensa.com<\/p>\n<!-- AddThis Advanced Settings generic via filter on the_content --><!-- AddThis Share Buttons generic via filter on the_content -->","protected":false},"excerpt":{"rendered":"<p>Se\u00fal, 16\/8\/14. El director de la Sala de Prensa de la Santa Sede, P. Federico Lombardi, se\u00f1al\u00f3 esta noche (hora local) que el Papa Francisco [&hellip;]<!-- AddThis Advanced Settings generic via filter on get_the_excerpt --><!-- AddThis Share Buttons generic via filter on get_the_excerpt --><\/p>\n","protected":false},"author":2,"featured_media":6772,"comment_status":"open","ping_status":"open","sticky":false,"template":"","format":"standard","meta":{"footnotes":""},"categories":[161],"tags":[],"class_list":["post-6770","post","type-post","status-publish","format-standard","has-post-thumbnail","hentry","category-el-papa-leonxiv"],"_links":{"self":[{"href":"https:\/\/obispadodezaratecampana.org\/index.php?rest_route=\/wp\/v2\/posts\/6770","targetHints":{"allow":["GET"]}}],"collection":[{"href":"https:\/\/obispadodezaratecampana.org\/index.php?rest_route=\/wp\/v2\/posts"}],"about":[{"href":"https:\/\/obispadodezaratecampana.org\/index.php?rest_route=\/wp\/v2\/types\/post"}],"author":[{"embeddable":true,"href":"https:\/\/obispadodezaratecampana.org\/index.php?rest_route=\/wp\/v2\/users\/2"}],"replies":[{"embeddable":true,"href":"https:\/\/obispadodezaratecampana.org\/index.php?rest_route=%2Fwp%2Fv2%2Fcomments&post=6770"}],"version-history":[{"count":2,"href":"https:\/\/obispadodezaratecampana.org\/index.php?rest_route=\/wp\/v2\/posts\/6770\/revisions"}],"predecessor-version":[{"id":6774,"href":"https:\/\/obispadodezaratecampana.org\/index.php?rest_route=\/wp\/v2\/posts\/6770\/revisions\/6774"}],"wp:featuredmedia":[{"embeddable":true,"href":"https:\/\/obispadodezaratecampana.org\/index.php?rest_route=\/wp\/v2\/media\/6772"}],"wp:attachment":[{"href":"https:\/\/obispadodezaratecampana.org\/index.php?rest_route=%2Fwp%2Fv2%2Fmedia&parent=6770"}],"wp:term":[{"taxonomy":"category","embeddable":true,"href":"https:\/\/obispadodezaratecampana.org\/index.php?rest_route=%2Fwp%2Fv2%2Fcategories&post=6770"},{"taxonomy":"post_tag","embeddable":true,"href":"https:\/\/obispadodezaratecampana.org\/index.php?rest_route=%2Fwp%2Fv2%2Ftags&post=6770"}],"curies":[{"name":"wp","href":"https:\/\/api.w.org\/{rel}","templated":true}]}}