{"id":6762,"date":"2014-08-16T13:53:35","date_gmt":"2014-08-16T16:53:35","guid":{"rendered":"http:\/\/obispadodezaratecampana.org\/?p=6762"},"modified":"2014-08-16T23:48:55","modified_gmt":"2014-08-17T02:48:55","slug":"la-caminata-de-caritas","status":"publish","type":"post","link":"https:\/\/obispadodezaratecampana.org\/?p=6762","title":{"rendered":"LA CAMINATA DE CARITAS"},"content":{"rendered":"<p>El s\u00e1bado 9 de agosto por la ma\u00f1ana, se llevo a cabo como estaba previsto el encuentro de Caritas \u201cLa Caminata\u201d en el sal\u00f3n auditorio Ntra. Se\u00f1ora de Guadalupe del Obispado de Z\u00e1rate- Campana. Participaron delegados de diversos lugares de la di\u00f3cesis y miembros del equipo diocesano. Estuvieron presentes : el Obispo \u2013 Presidente de C\u00e1ritas- y el vicario general de la di\u00f3cesis: Mons. Ariel Perez, la Sra. Marita Andreini &#8211; Directora &#8211; , el Pbro. Jose de Estrada \u2013 Vicepresidente-, el Dr. Ricardo Reggio \u2013 Tesorero- , Martin Rodriguez, Carlos Oviedo y Mauricio Lavallen.<\/p>\n<p>Breve detalle de las actividades compartidas durante la jornada :<\/p>\n<p>&#8211; Oraci\u00f3n de inicio: donde a cada intenci\u00f3n se respondi\u00f3 con la siguiente petici\u00f3n \u201cSe\u00f1or camina con nosotros\u201d.<br \/>\n&#8211; Proyecci\u00f3n de diapositivas con diversas im\u00e1genes que reflejaban situaciones de pobreza y exclusi\u00f3n. Luego se reflexion\u00f3 grupalmente al respecto de ellas considerando como hab\u00edan impactado en el coraz\u00f3n de cada uno.<br \/>\n&#8211; Iluminaci\u00f3n y meditaci\u00f3n con el pasaje del Evangelio San Mateo 25, 41-46, e incentivo a vencer los miedos, salir al encuentro del otro, y ser signo de esperanza para los dem\u00e1s.<br \/>\n&#8211; Armado entre todos del altar con el aguayo, la Virgen, la Biblia, una vela y la bandera Argentina. Esto como significaci\u00f3n que las cosas deben hacerse en conjunto, porque solos no podemos; y teniendo en cuenta que Mar\u00eda Santisima nos gu\u00eda y acompa\u00f1a en nuestro caminar.<br \/>\n&#8211; Palabras de Monse\u00f1or Oscar Sarlinga: <em>El m\u00e9todo del VER-JUZGAR y ACTUAR , es algo propio de toda acci\u00f3n pastoral \u2013tambi\u00e9n de C\u00e1ritas- . Aparecida y Evangelii Gaudium le aporta como novedad el tema de la MIRADA. Esto es algo diferente al ver, se refiere a la actitud interior y de coraz\u00f3n que a mi me resulta de ese ver. Las miradas entonces, pueden ser distintas dependiendo de cada uno, y en consecuencia movilizar a cosas diversas. Lo mismo al respecto del o\u00edr y escuchar. O\u00edmos muchas cosas, pero luego \u00bfC\u00f3mo las escuchamos? \u00bfQu\u00e9 nos suscitan las cosas que o\u00edmos? (\u2026) La mirada nueva y la escucha nuevas son propias de creaturas nuevas. Solo las creaturas nuevas se animan a salir a caminar \u2013 pese a los problemas y cosas que haya que corregir-. Si no caminamos, gana el enemigo&#8230;.el diablo , y todos aquellos que se dejan penetrar o seducir por el. Caminando asi ayudamos a generar realidades nuevas y creaturas nuevas; es una luz que mas que resolver las oscuridades, no tienen estas ya mas raz\u00f3n de ser, porque la luz las penetro y sobrepuso. Es importante actuar y caminar de este modo, para no hacerlo en redondo \u2013 en c\u00edrculo- , y perderse \u2013 cayendo en la desesperaci\u00f3n de no ir a ninguna parte-. (\u2026) Concluy\u00f3 Monse\u00f1or Oscar alentando a los asistentes a que se animen a renovarse interiormente, y que no importa como se haya sido porque nuestro pasado no es determinante del futuro. Importa lo que podamos ser con esperanza y pedir para esto la ayuda de la Virgen en este caminar. (\u2026)<\/em><br \/>\n&#8211; Video con el camino recorrido desde el 2001 hasta la actualidad en C\u00e1ritas.<br \/>\n&#8211; Explicaci\u00f3n del significado de la Caminata, con propuestas y materiales para trabajar en cada una de las comunidades de nuestra di\u00f3cesis.<br \/>\n&#8211; Otros temas y actividades que se desarrollaran en el corto plazo \u2013 y luego ser\u00e1n oportunamente difundidas.<\/p>\n<p><img fetchpriority=\"high\" decoding=\"async\" class=\" wp-image-6764 aligncenter\" src=\"http:\/\/obispadodezaratecampana.org\/wp-content\/uploads\/2014\/08\/10378542_776450242407065_3216223958322386539_n-300x55.jpg\" alt=\"10378542_776450242407065_3216223958322386539_n\" width=\"502\" height=\"118\" \/><\/p>\n<p style=\"text-align: center;\">Panor\u00e1mica de uno de los momentos de la jornada<\/p>\n<p style=\"text-align: center;\"><img decoding=\"async\" class=\"size-medium wp-image-6765 aligncenter\" src=\"http:\/\/obispadodezaratecampana.org\/wp-content\/uploads\/2014\/08\/10506565_776450585740364_8447528249037664273_o1-225x300.jpg\" alt=\"10506565_776450585740364_8447528249037664273_o\" width=\"225\" height=\"300\" srcset=\"https:\/\/obispadodezaratecampana.org\/wp-content\/uploads\/2014\/08\/10506565_776450585740364_8447528249037664273_o1-225x300.jpg 225w, https:\/\/obispadodezaratecampana.org\/wp-content\/uploads\/2014\/08\/10506565_776450585740364_8447528249037664273_o1-768x1024.jpg 768w, https:\/\/obispadodezaratecampana.org\/wp-content\/uploads\/2014\/08\/10506565_776450585740364_8447528249037664273_o1.jpg 1536w\" sizes=\"(max-width: 225px) 100vw, 225px\" \/><\/p>\n<p style=\"text-align: center;\">Imagen de la Argentina con los 4 pasos de C\u00e1ritas<\/p>\n<p style=\"text-align: center;\"><img decoding=\"async\" class=\"size-medium wp-image-6766 aligncenter\" src=\"http:\/\/obispadodezaratecampana.org\/wp-content\/uploads\/2014\/08\/10519653_776451355740287_3029561863998833604_n-300x225.jpg\" alt=\"10519653_776451355740287_3029561863998833604_n\" width=\"300\" height=\"225\" srcset=\"https:\/\/obispadodezaratecampana.org\/wp-content\/uploads\/2014\/08\/10519653_776451355740287_3029561863998833604_n-300x225.jpg 300w, https:\/\/obispadodezaratecampana.org\/wp-content\/uploads\/2014\/08\/10519653_776451355740287_3029561863998833604_n.jpg 960w\" sizes=\"(max-width: 300px) 100vw, 300px\" \/><\/p>\n<p style=\"text-align: center;\">Oraci\u00f3n y bendici\u00f3n de Monse\u00f1or Sarlinga<\/p>\n<p style=\"text-align: center;\"><img loading=\"lazy\" decoding=\"async\" class=\"size-medium wp-image-6767 aligncenter\" src=\"http:\/\/obispadodezaratecampana.org\/wp-content\/uploads\/2014\/08\/10550997_776450882407001_4034735824937116271_n-300x256.jpg\" alt=\"10550997_776450882407001_4034735824937116271_n\" width=\"300\" height=\"256\" srcset=\"https:\/\/obispadodezaratecampana.org\/wp-content\/uploads\/2014\/08\/10550997_776450882407001_4034735824937116271_n-300x256.jpg 300w, https:\/\/obispadodezaratecampana.org\/wp-content\/uploads\/2014\/08\/10550997_776450882407001_4034735824937116271_n.jpg 960w\" sizes=\"(max-width: 300px) 100vw, 300px\" \/><\/p>\n<p style=\"text-align: center;\">Altar con el aguayo, la Virgen, la Biblia, una vela y la bandera Argentina. Esto como significaci\u00f3n que las cosas deben hacerse en conjunto, porque solos no podemos; y teniendo en cuenta que Mar\u00eda Santisima nos gu\u00eda y acompa\u00f1a en nuestro caminar<\/p>\n<p style=\"text-align: center;\"><img loading=\"lazy\" decoding=\"async\" class=\"size-medium wp-image-6768 aligncenter\" src=\"http:\/\/obispadodezaratecampana.org\/wp-content\/uploads\/2014\/08\/10563035_776451529073603_6579459601521999212_n-300x260.jpg\" alt=\"10563035_776451529073603_6579459601521999212_n\" width=\"300\" height=\"260\" srcset=\"https:\/\/obispadodezaratecampana.org\/wp-content\/uploads\/2014\/08\/10563035_776451529073603_6579459601521999212_n-300x260.jpg 300w, https:\/\/obispadodezaratecampana.org\/wp-content\/uploads\/2014\/08\/10563035_776451529073603_6579459601521999212_n.jpg 960w\" sizes=\"(max-width: 300px) 100vw, 300px\" \/><\/p>\n<p style=\"text-align: center;\">La Directora de C\u00e1ritas, Sra. Marita Andreini<\/p>\n<p style=\"text-align: center;\"><img loading=\"lazy\" decoding=\"async\" class=\"size-medium wp-image-6775 aligncenter\" src=\"http:\/\/obispadodezaratecampana.org\/wp-content\/uploads\/2014\/08\/1907732_776451722406917_4518142892938098993_n-300x148.jpg\" alt=\"1907732_776451722406917_4518142892938098993_n\" width=\"300\" height=\"148\" srcset=\"https:\/\/obispadodezaratecampana.org\/wp-content\/uploads\/2014\/08\/1907732_776451722406917_4518142892938098993_n-300x148.jpg 300w, https:\/\/obispadodezaratecampana.org\/wp-content\/uploads\/2014\/08\/1907732_776451722406917_4518142892938098993_n.jpg 960w\" sizes=\"(max-width: 300px) 100vw, 300px\" \/><\/p>\n<p style=\"text-align: center;\">En el medio de los tres se\u00f1ores, el Padre Pepin, Vicepresidente de C\u00e1ritas diocesana. A la derecha, el padre Luna. A la izq. un laico comprometido con la acci\u00f3n de C\u00e1ritas<\/p>\n<!-- AddThis Advanced Settings generic via filter on the_content --><!-- AddThis Share Buttons generic via filter on the_content -->","protected":false},"excerpt":{"rendered":"<p>El s\u00e1bado 9 de agosto por la ma\u00f1ana, se llevo a cabo como estaba previsto el encuentro de Caritas \u201cLa Caminata\u201d en el sal\u00f3n auditorio [&hellip;]<!-- AddThis Advanced Settings generic via filter on get_the_excerpt --><!-- AddThis Share Buttons generic via filter on get_the_excerpt --><\/p>\n","protected":false},"author":2,"featured_media":6763,"comment_status":"open","ping_status":"open","sticky":false,"template":"","format":"standard","meta":{"footnotes":""},"categories":[1],"tags":[],"class_list":["post-6762","post","type-post","status-publish","format-standard","has-post-thumbnail","hentry","category-noticiasdiocesanas"],"_links":{"self":[{"href":"https:\/\/obispadodezaratecampana.org\/index.php?rest_route=\/wp\/v2\/posts\/6762","targetHints":{"allow":["GET"]}}],"collection":[{"href":"https:\/\/obispadodezaratecampana.org\/index.php?rest_route=\/wp\/v2\/posts"}],"about":[{"href":"https:\/\/obispadodezaratecampana.org\/index.php?rest_route=\/wp\/v2\/types\/post"}],"author":[{"embeddable":true,"href":"https:\/\/obispadodezaratecampana.org\/index.php?rest_route=\/wp\/v2\/users\/2"}],"replies":[{"embeddable":true,"href":"https:\/\/obispadodezaratecampana.org\/index.php?rest_route=%2Fwp%2Fv2%2Fcomments&post=6762"}],"version-history":[{"count":5,"href":"https:\/\/obispadodezaratecampana.org\/index.php?rest_route=\/wp\/v2\/posts\/6762\/revisions"}],"predecessor-version":[{"id":6807,"href":"https:\/\/obispadodezaratecampana.org\/index.php?rest_route=\/wp\/v2\/posts\/6762\/revisions\/6807"}],"wp:featuredmedia":[{"embeddable":true,"href":"https:\/\/obispadodezaratecampana.org\/index.php?rest_route=\/wp\/v2\/media\/6763"}],"wp:attachment":[{"href":"https:\/\/obispadodezaratecampana.org\/index.php?rest_route=%2Fwp%2Fv2%2Fmedia&parent=6762"}],"wp:term":[{"taxonomy":"category","embeddable":true,"href":"https:\/\/obispadodezaratecampana.org\/index.php?rest_route=%2Fwp%2Fv2%2Fcategories&post=6762"},{"taxonomy":"post_tag","embeddable":true,"href":"https:\/\/obispadodezaratecampana.org\/index.php?rest_route=%2Fwp%2Fv2%2Ftags&post=6762"}],"curies":[{"name":"wp","href":"https:\/\/api.w.org\/{rel}","templated":true}]}}