{"id":6736,"date":"2014-08-14T06:07:33","date_gmt":"2014-08-14T09:07:33","guid":{"rendered":"http:\/\/obispadodezaratecampana.org\/?p=6736"},"modified":"2014-08-20T21:38:53","modified_gmt":"2014-08-21T00:38:53","slug":"6736","status":"publish","type":"post","link":"https:\/\/obispadodezaratecampana.org\/?p=6736","title":{"rendered":"Fiesta de San Cayetano en Z\u00e1rate"},"content":{"rendered":"<p>El pasado jueves 7 de agosto se festej\u00f3 al Santo Patrono del Pan y Trabajo en Z\u00e1rate.<\/p>\n<p>En la ermita de San Cayetano &#8211; entre calles Estrada y Av. Anta &#8211; \u00a0se comenz\u00f3 a las 16: 30 hs con el rezo del Santo Rosario. Alrededor de las 17: 30 hs inicio la misa.\u00a0La misma fue presidida por el Obispo, y concelebrada por el vicario General de la di\u00f3cesis Mons. Ariel Perez y el padre Bruno Rossi. El pbro. Carlitos Barbero, quien estuvo confesando durante la celebraci\u00f3n lit\u00fargica.<\/p>\n<p>Posteriormente todos participaron de una procesi\u00f3n &#8211; encabezada por las im\u00e1genes de San Cayetano, San Expedito y la Virgen de Luj\u00e1n- por la Av. Anta , la cual fue acompa\u00f1ada ademas por los Bomberos Voluntarios de Z\u00e1rate. Los fieles ocuparon casi tres cuadras y media durante la misma, acompa\u00f1ando con sus velas encendidas y cantos.<\/p>\n<p><strong>Homil\u00eda de Monse\u00f1or Sarlinga<\/strong><\/p>\n<p><em>La homil\u00eda del Obispo estuvo centrada en la vida de San Cayetano.<\/em><br \/>\n<em>Comento que si bien tiene tantos devotos en nuestro pa\u00eds, siendo querido y reconocido como poderoso intercesor en el pedido de pan y trabajo; los fieles desconocen aspectos de su vida. Luego explic\u00f3 como este santo italiano viviendo como laico (de origen noble y brillante trayectoria acad\u00e9mica y laboral como abogado), descubri\u00f3 su vocaci\u00f3n religiosa (sinti\u00f3 que la vida en la corte y como diplom\u00e1tico no era para el) , siendo un alma pura que se dedico ya siendo sacerdote al servicio de los enfermos, pobres, de los mas necesitados y marginados.<\/em><br \/>\n<em>Percibi\u00f3 que las necesidades espirituales y materiales deb\u00edan ser igualmente atendidas. Entre sus obras y emprendimientos fundo el primer banco no basado en intereses usurarios y el primer hospital que se conoce como hospital publico (hasta ese momento hab\u00eda casas de religiosas donde se atend\u00eda a los enfermos). De este modo los bancos para la promoci\u00f3n de los mas humildes y los hospitales nacieron con este santo italiano.<\/em><br \/>\n<em>Monse\u00f1or destaco adem\u00e1s como de manera misteriosa es tan popular en nuestro pa\u00eds. En Italia \u2013 por ej- esta enterrado en una fosa com\u00fan en la iglesia de San Pablo (el Obispo teniendo una reliquia del santo, la regal\u00f3 a la Cocatedral de Escobar)<\/em><br \/>\n<em>Concluy\u00f3 invitando a que se le pida no solo por las carencias materiales, sino tambi\u00e9n por los sufrimientos del esp\u00edritu (depresiones, falta de esperanza, angustias por calumnias, etc); implorando que se produzca entre los asistentes el milagro de la multiplicaci\u00f3n de los panes, con los dones del Se\u00f1or.<\/em><br \/>\n<em>&#8220;La justicia, la verdad, el amor, tienen la delantera por mas que todas las fuerzas oscuras parezcan haberse puesto en contra.&#8221;<\/em><\/p>\n<p><strong>Testimonio de fe acerca de San Cayetano<\/strong><\/p>\n<p>La Sra. Fabiola Bissio comparti\u00f3 luego de la misa, unas palabras acerca de su sentir sobre el Santo del Pan y Trabajo.<\/p>\n<p><em>&#8220;Como todos los a\u00f1os, cada 7 de agosto San Cayetano nos re\u00fane. Y digo nos re\u00fane, porque no solo a nosotros, los fieles que estamos presentes escuchando la misa, nos re\u00fane porque veo con emoci\u00f3n ver hacerse la se\u00f1al de la cruz, al colectivero que esta trabajando cuando pasa por la ermita, veo algunas miradas de asombro y respeto, de las personas que pasan por la avenida y disminuyen la velocidad, para ver de que se trata. Nos re\u00fanen porque peregrinan personas de todos los barrios para dar gracias al Santo del Pan y del Trabajo, o simplemente para pedir salud y empleo para quienes no lo tienen y tambi\u00e9n atrapa la mirada de algun otro curioso que pasa por el lugar y se detiene\u2026\u2026<\/em><br \/>\n<em>Pero adem\u00e1s, hay otro misterio oculto, en cuanto a esta reuni\u00f3n penitencial. Hay gente que de coraz\u00f3n, movilizada por su Fe, y atenta a las necesidades de los dem\u00e1s, comienza a preparar esta fiesta. Me enorgullece como vecina, ver los preparativos, tres semanas antes como m\u00ednimo\u2026.<\/em><br \/>\n<em>El jard\u00edn , marchito y seco por el invierno, florece para este d\u00eda como si fuera primavera.<\/em><br \/>\n<em>La Ermita, descascarada por el paso del tiempo, vuelve a ser pintada cobrando luminosidad y color. Todo brilla.<\/em><br \/>\n<em>Los cordones de las veredas lucen nuevos, la fuente llena de ranitas, pareciera que cobran vida y se renueva como manantial de agua viva.<\/em><br \/>\n<em>Es porque de manera silenciosa, sin molestar, sin pedir nada, solo dando, la comisi\u00f3n de voluntarios de la Ermita de San Cayetano , \u00a1se pone en marcha!<\/em><br \/>\n<em>Por eso, estas palabras van dedicadas especialmente a todos ustedes que hacen posible que este lugar sea un Centro de Oraci\u00f3n Sagrado y de servicio a la comunidad. A los sacerdotes que amablemente se desplazan para celebrar, a las personas que llegan con sus donaciones, mucha, poca, pero que sirve para alimentar o abrigar a otros. <\/em><br \/>\n<em>La fe moviliza, mueve monta\u00f1as, y Dios nuestro Se\u00f1or, escucha nuestras plegarias y responde. El viento reparte por el barrio la voz de quienes reunidos rezan el santo rosario, luego la misa, los cantos, la alegr\u00eda del anuncio de la palabra que reconforta, que no hace mal a nadie, que consuela, y que vela por aquellos que no saben o no tienen voluntad de hacerlo. <\/em><br \/>\n<em>No perdamos este don que Jes\u00fas a trav\u00e9s de San Cayetano quiso regalarnos\u2026..Sigamos con entusiasmo reuni\u00e9ndonos frente a este cen\u00e1culo de oraci\u00f3n que derrama bendiciones para todo el pueblo, y recordemos lo que el Se\u00f1or nos dijo: \u201ccuando haya dos o mas reunidos en mi nombre, YO, estar\u00e9 en medio de ellos.\u201d<\/em><br \/>\n<em>Como vecina, solo me resta dar las gracias, a todos, porque nunca las grandes empresas se llevan adelante, desde los logros individuales, sino que son el fruto del trabajo mancomunado de todo un grupo de personas.<\/em><br \/>\n<em>Es mi deseo que siga en pie esta magn\u00edfica obra, y que la Virgen Mar\u00eda como Madre y Mediadora, sane las heridas, de quienes han sido ingratamente juzgados, y perdone a quienes ignoran o desconocen el poder de la oraci\u00f3n y de los milagros que se han realizado, solo basta observar las placas en el interior de la capilla, que dan testimonio de la poderosa acci\u00f3n de Dios!!!!<\/em><br \/>\n<em>MUY FELIZ DIA DE SAN CAYETANO, Y MERECIDAS GRACIAS.&#8221;<\/em><\/p>\n<p><strong>Fotos y videos<\/strong><\/p>\n<p>Pueden ver mas fotos y videos , ingresando en: \u00a0Fotos, Albumes de la cuenta perfil &#8211; facebook- del Obispado de Z\u00e1rate &#8211; Campana:\u00a0<a title=\"face\" href=\"https:\/\/www.facebook.com\/obispadozc?fref=ts\">https:\/\/www.facebook.com\/obispadozc?fref=ts<\/a><\/p>\n<p style=\"text-align: center;\"><img fetchpriority=\"high\" decoding=\"async\" class=\"size-medium wp-image-6744 aligncenter\" src=\"http:\/\/obispadodezaratecampana.org\/wp-content\/uploads\/2014\/08\/1501821_775316625853760_1734247842294066272_n-300x184.jpg\" alt=\"1501821_775316625853760_1734247842294066272_n\" width=\"300\" height=\"184\" srcset=\"https:\/\/obispadodezaratecampana.org\/wp-content\/uploads\/2014\/08\/1501821_775316625853760_1734247842294066272_n-300x184.jpg 300w, https:\/\/obispadodezaratecampana.org\/wp-content\/uploads\/2014\/08\/1501821_775316625853760_1734247842294066272_n.jpg 960w\" sizes=\"(max-width: 300px) 100vw, 300px\" \/>Antes de comenzar la misa<\/p>\n<p style=\"text-align: center;\">\u00a0<a href=\"http:\/\/obispadodezaratecampana.org\/wp-content\/uploads\/2014\/08\/10548291_775317502520339_6693341222981353855_o.jpg\"><img decoding=\"async\" class=\"alignnone size-medium wp-image-6838\" src=\"http:\/\/obispadodezaratecampana.org\/wp-content\/uploads\/2014\/08\/10548291_775317502520339_6693341222981353855_o-300x225.jpg\" alt=\"10548291_775317502520339_6693341222981353855_o\" width=\"300\" height=\"225\" srcset=\"https:\/\/obispadodezaratecampana.org\/wp-content\/uploads\/2014\/08\/10548291_775317502520339_6693341222981353855_o-300x225.jpg 300w, https:\/\/obispadodezaratecampana.org\/wp-content\/uploads\/2014\/08\/10548291_775317502520339_6693341222981353855_o-1024x768.jpg 1024w, https:\/\/obispadodezaratecampana.org\/wp-content\/uploads\/2014\/08\/10548291_775317502520339_6693341222981353855_o.jpg 2048w\" sizes=\"(max-width: 300px) 100vw, 300px\" \/><\/a><\/p>\n<p style=\"text-align: center;\">Grupos gauchescos acompa\u00f1aron la procesi\u00f3n y celebraci\u00f3n<\/p>\n<p style=\"text-align: center;\"><img decoding=\"async\" class=\"size-medium wp-image-6745 aligncenter\" src=\"http:\/\/obispadodezaratecampana.org\/wp-content\/uploads\/2014\/08\/10509525_775689845816438_4879112324691175651_n-300x225.jpg\" alt=\"10509525_775689845816438_4879112324691175651_n\" width=\"300\" height=\"225\" srcset=\"https:\/\/obispadodezaratecampana.org\/wp-content\/uploads\/2014\/08\/10509525_775689845816438_4879112324691175651_n-300x225.jpg 300w, https:\/\/obispadodezaratecampana.org\/wp-content\/uploads\/2014\/08\/10509525_775689845816438_4879112324691175651_n.jpg 960w\" sizes=\"(max-width: 300px) 100vw, 300px\" \/>El Obispo durante la homil\u00eda<\/p>\n<p style=\"text-align: center;\"><img loading=\"lazy\" decoding=\"async\" class=\"size-medium wp-image-6747 aligncenter\" src=\"http:\/\/obispadodezaratecampana.org\/wp-content\/uploads\/2014\/08\/10269383_775693272482762_2664375148306461146_n-179x300.jpg\" alt=\"10269383_775693272482762_2664375148306461146_n\" width=\"179\" height=\"300\" srcset=\"https:\/\/obispadodezaratecampana.org\/wp-content\/uploads\/2014\/08\/10269383_775693272482762_2664375148306461146_n-179x300.jpg 179w, https:\/\/obispadodezaratecampana.org\/wp-content\/uploads\/2014\/08\/10269383_775693272482762_2664375148306461146_n.jpg 575w\" sizes=\"(max-width: 179px) 100vw, 179px\" \/>El padre Bruno Rossi<\/p>\n<p>&nbsp;<\/p>\n<p style=\"text-align: center;\"><img loading=\"lazy\" decoding=\"async\" class=\"size-medium wp-image-6749 aligncenter\" src=\"http:\/\/obispadodezaratecampana.org\/wp-content\/uploads\/2014\/08\/10455991_775689499149806_4504384231265666749_n-225x300.jpg\" alt=\"10455991_775689499149806_4504384231265666749_n\" width=\"225\" height=\"300\" srcset=\"https:\/\/obispadodezaratecampana.org\/wp-content\/uploads\/2014\/08\/10455991_775689499149806_4504384231265666749_n-225x300.jpg 225w, https:\/\/obispadodezaratecampana.org\/wp-content\/uploads\/2014\/08\/10455991_775689499149806_4504384231265666749_n.jpg 720w\" sizes=\"(max-width: 225px) 100vw, 225px\" \/>Virgen de Lujan llevada en procesi\u00f3n<\/p>\n<p>&nbsp;<\/p>\n<p><img loading=\"lazy\" decoding=\"async\" class=\"size-medium wp-image-6840 aligncenter\" src=\"http:\/\/obispadodezaratecampana.org\/wp-content\/uploads\/2014\/08\/10557309_775316315853791_5552882285586515814_n-300x225.jpg\" alt=\"10557309_775316315853791_5552882285586515814_n\" width=\"300\" height=\"225\" srcset=\"https:\/\/obispadodezaratecampana.org\/wp-content\/uploads\/2014\/08\/10557309_775316315853791_5552882285586515814_n-300x225.jpg 300w, https:\/\/obispadodezaratecampana.org\/wp-content\/uploads\/2014\/08\/10557309_775316315853791_5552882285586515814_n.jpg 960w\" sizes=\"(max-width: 300px) 100vw, 300px\" \/><\/p>\n<p style=\"text-align: center;\">Im\u00e1genes de San Expedito y San Cayetano llevadas en procesi\u00f3n<\/p>\n<p style=\"text-align: center;\"><img loading=\"lazy\" decoding=\"async\" class=\"size-medium wp-image-6750 aligncenter\" src=\"http:\/\/obispadodezaratecampana.org\/wp-content\/uploads\/2014\/08\/10527595_775695812482508_1447730869242534045_n-300x225.jpg\" alt=\"10527595_775695812482508_1447730869242534045_n\" width=\"300\" height=\"225\" srcset=\"https:\/\/obispadodezaratecampana.org\/wp-content\/uploads\/2014\/08\/10527595_775695812482508_1447730869242534045_n-300x225.jpg 300w, https:\/\/obispadodezaratecampana.org\/wp-content\/uploads\/2014\/08\/10527595_775695812482508_1447730869242534045_n.jpg 960w\" sizes=\"(max-width: 300px) 100vw, 300px\" \/>Durante la misa<\/p>\n<p style=\"text-align: center;\"><a href=\"http:\/\/obispadodezaratecampana.org\/wp-content\/uploads\/2014\/08\/10565139_1537569489804775_7184102687517368725_n.jpg\"><img loading=\"lazy\" decoding=\"async\" class=\"alignnone size-medium wp-image-6759\" src=\"http:\/\/obispadodezaratecampana.org\/wp-content\/uploads\/2014\/08\/10565139_1537569489804775_7184102687517368725_n-225x300.jpg\" alt=\"10565139_1537569489804775_7184102687517368725_n\" width=\"225\" height=\"300\" srcset=\"https:\/\/obispadodezaratecampana.org\/wp-content\/uploads\/2014\/08\/10565139_1537569489804775_7184102687517368725_n-225x300.jpg 225w, https:\/\/obispadodezaratecampana.org\/wp-content\/uploads\/2014\/08\/10565139_1537569489804775_7184102687517368725_n.jpg 480w\" sizes=\"(max-width: 225px) 100vw, 225px\" \/><\/a><\/p>\n<p style=\"text-align: center;\">El padre Carlitos, confesando.<\/p>\n<p style=\"text-align: center;\"><a href=\"http:\/\/obispadodezaratecampana.org\/wp-content\/uploads\/2014\/08\/nelson.jpg\"><img loading=\"lazy\" decoding=\"async\" class=\"alignnone size-medium wp-image-6842\" src=\"http:\/\/obispadodezaratecampana.org\/wp-content\/uploads\/2014\/08\/nelson-300x225.jpg\" alt=\"nelson\" width=\"300\" height=\"225\" srcset=\"https:\/\/obispadodezaratecampana.org\/wp-content\/uploads\/2014\/08\/nelson-300x225.jpg 300w, https:\/\/obispadodezaratecampana.org\/wp-content\/uploads\/2014\/08\/nelson.jpg 960w\" sizes=\"(max-width: 300px) 100vw, 300px\" \/><\/a> <a href=\"http:\/\/obispadodezaratecampana.org\/wp-content\/uploads\/2014\/08\/nelsonb.jpg\"><img loading=\"lazy\" decoding=\"async\" class=\"alignnone size-medium wp-image-6843\" src=\"http:\/\/obispadodezaratecampana.org\/wp-content\/uploads\/2014\/08\/nelsonb-300x225.jpg\" alt=\"nelsonb\" width=\"300\" height=\"225\" srcset=\"https:\/\/obispadodezaratecampana.org\/wp-content\/uploads\/2014\/08\/nelsonb-300x225.jpg 300w, https:\/\/obispadodezaratecampana.org\/wp-content\/uploads\/2014\/08\/nelsonb.jpg 960w\" sizes=\"(max-width: 300px) 100vw, 300px\" \/><\/a><\/p>\n<p style=\"text-align: center;\">Miembros del Grupo Scout Nelson Page<\/p>\n<p style=\"text-align: center;\"><img loading=\"lazy\" decoding=\"async\" class=\"alignnone size-medium wp-image-6755\" src=\"http:\/\/obispadodezaratecampana.org\/wp-content\/uploads\/2014\/08\/SAM_6519-172x300.jpg\" alt=\"SAM_6519\" width=\"172\" height=\"300\" srcset=\"https:\/\/obispadodezaratecampana.org\/wp-content\/uploads\/2014\/08\/SAM_6519-172x300.jpg 172w, https:\/\/obispadodezaratecampana.org\/wp-content\/uploads\/2014\/08\/SAM_6519-587x1024.jpg 587w, https:\/\/obispadodezaratecampana.org\/wp-content\/uploads\/2014\/08\/SAM_6519.jpg 1859w\" sizes=\"(max-width: 172px) 100vw, 172px\" \/><\/p>\n<p style=\"text-align: center;\">Testimonio de la Sra. Fabiola Bissio acerca de San Cayetano<\/p>\n<p style=\"text-align: center;\"><img loading=\"lazy\" decoding=\"async\" class=\"alignnone size-medium wp-image-6756\" src=\"http:\/\/obispadodezaratecampana.org\/wp-content\/uploads\/2014\/08\/SAM_5473-300x47.jpg\" alt=\"SAM_5473\" width=\"300\" height=\"47\" srcset=\"https:\/\/obispadodezaratecampana.org\/wp-content\/uploads\/2014\/08\/SAM_5473-300x47.jpg 300w, https:\/\/obispadodezaratecampana.org\/wp-content\/uploads\/2014\/08\/SAM_5473-1024x161.jpg 1024w\" sizes=\"(max-width: 300px) 100vw, 300px\" \/><\/p>\n<p style=\"text-align: center;\">Im\u00e1genes luego de finalizadas la misa y procesi\u00f3n. El Obispo saludando a los fieles.<\/p>\n<p>&nbsp;<\/p>\n<p><a href=\"http:\/\/obispadodezaratecampana.org\/wp-content\/uploads\/2014\/08\/10574313_775294065856016_989821490014043038_n.jpg\"><img loading=\"lazy\" decoding=\"async\" class=\"size-medium wp-image-6751 aligncenter\" src=\"http:\/\/obispadodezaratecampana.org\/wp-content\/uploads\/2014\/08\/10574313_775294065856016_989821490014043038_n-300x172.jpg\" alt=\"10574313_775294065856016_989821490014043038_n\" width=\"300\" height=\"172\" srcset=\"https:\/\/obispadodezaratecampana.org\/wp-content\/uploads\/2014\/08\/10574313_775294065856016_989821490014043038_n-300x172.jpg 300w, https:\/\/obispadodezaratecampana.org\/wp-content\/uploads\/2014\/08\/10574313_775294065856016_989821490014043038_n.jpg 960w\" sizes=\"(max-width: 300px) 100vw, 300px\" \/><\/a><\/p>\n<p><a href=\"http:\/\/obispadodezaratecampana.org\/wp-content\/uploads\/2014\/08\/10590660_775294005856022_3561453855661683540_n.jpg\"><img loading=\"lazy\" decoding=\"async\" class=\"size-medium wp-image-6752 aligncenter\" src=\"http:\/\/obispadodezaratecampana.org\/wp-content\/uploads\/2014\/08\/10590660_775294005856022_3561453855661683540_n-300x161.jpg\" alt=\"10590660_775294005856022_3561453855661683540_n\" width=\"300\" height=\"161\" srcset=\"https:\/\/obispadodezaratecampana.org\/wp-content\/uploads\/2014\/08\/10590660_775294005856022_3561453855661683540_n-300x161.jpg 300w, https:\/\/obispadodezaratecampana.org\/wp-content\/uploads\/2014\/08\/10590660_775294005856022_3561453855661683540_n.jpg 960w\" sizes=\"(max-width: 300px) 100vw, 300px\" \/><\/a><\/p>\n<p><a href=\"http:\/\/obispadodezaratecampana.org\/wp-content\/uploads\/2014\/08\/10603735_775294412522648_7534241492077490507_n.jpg\"><img loading=\"lazy\" decoding=\"async\" class=\"size-medium wp-image-6753 aligncenter\" src=\"http:\/\/obispadodezaratecampana.org\/wp-content\/uploads\/2014\/08\/10603735_775294412522648_7534241492077490507_n-300x225.jpg\" alt=\"10603735_775294412522648_7534241492077490507_n\" width=\"300\" height=\"225\" srcset=\"https:\/\/obispadodezaratecampana.org\/wp-content\/uploads\/2014\/08\/10603735_775294412522648_7534241492077490507_n-300x225.jpg 300w, https:\/\/obispadodezaratecampana.org\/wp-content\/uploads\/2014\/08\/10603735_775294412522648_7534241492077490507_n.jpg 960w\" sizes=\"(max-width: 300px) 100vw, 300px\" \/><\/a><\/p>\n<p><a href=\"http:\/\/obispadodezaratecampana.org\/wp-content\/uploads\/2014\/08\/10347422_775294202522669_5404241815982660302_n.jpg\"><img loading=\"lazy\" decoding=\"async\" class=\"size-medium wp-image-6754 aligncenter\" src=\"http:\/\/obispadodezaratecampana.org\/wp-content\/uploads\/2014\/08\/10347422_775294202522669_5404241815982660302_n-300x187.jpg\" alt=\"10347422_775294202522669_5404241815982660302_n\" width=\"300\" height=\"187\" srcset=\"https:\/\/obispadodezaratecampana.org\/wp-content\/uploads\/2014\/08\/10347422_775294202522669_5404241815982660302_n-300x187.jpg 300w, https:\/\/obispadodezaratecampana.org\/wp-content\/uploads\/2014\/08\/10347422_775294202522669_5404241815982660302_n.jpg 960w\" sizes=\"(max-width: 300px) 100vw, 300px\" \/><\/a><\/p>\n<p>&nbsp;<\/p>\n<p>Video de la procesi\u00f3n encabezada por la imagen de San Cayetano, la Virgen de Lujan y San Expedito: <a title=\"cayetano\" href=\"https:\/\/www.facebook.com\/photo.php?v=774748729243883&amp;set=vb.100001262880895&amp;type=3&amp;theater\">https:\/\/www.facebook.com\/photo.php?v=774748729243883&amp;set=vb.100001262880895&amp;type=3&amp;theater\u00a0<\/a><\/p>\n<!-- AddThis Advanced Settings generic via filter on the_content --><!-- AddThis Share Buttons generic via filter on the_content -->","protected":false},"excerpt":{"rendered":"<p>El pasado jueves 7 de agosto se festej\u00f3 al Santo Patrono del Pan y Trabajo en Z\u00e1rate. En la ermita de San Cayetano &#8211; entre [&hellip;]<!-- AddThis Advanced Settings generic via filter on get_the_excerpt --><!-- AddThis Share Buttons generic via filter on get_the_excerpt --><\/p>\n","protected":false},"author":2,"featured_media":6743,"comment_status":"open","ping_status":"open","sticky":false,"template":"","format":"standard","meta":{"footnotes":""},"categories":[5],"tags":[],"class_list":["post-6736","post","type-post","status-publish","format-standard","has-post-thumbnail","hentry","category-generales"],"_links":{"self":[{"href":"https:\/\/obispadodezaratecampana.org\/index.php?rest_route=\/wp\/v2\/posts\/6736","targetHints":{"allow":["GET"]}}],"collection":[{"href":"https:\/\/obispadodezaratecampana.org\/index.php?rest_route=\/wp\/v2\/posts"}],"about":[{"href":"https:\/\/obispadodezaratecampana.org\/index.php?rest_route=\/wp\/v2\/types\/post"}],"author":[{"embeddable":true,"href":"https:\/\/obispadodezaratecampana.org\/index.php?rest_route=\/wp\/v2\/users\/2"}],"replies":[{"embeddable":true,"href":"https:\/\/obispadodezaratecampana.org\/index.php?rest_route=%2Fwp%2Fv2%2Fcomments&post=6736"}],"version-history":[{"count":12,"href":"https:\/\/obispadodezaratecampana.org\/index.php?rest_route=\/wp\/v2\/posts\/6736\/revisions"}],"predecessor-version":[{"id":6844,"href":"https:\/\/obispadodezaratecampana.org\/index.php?rest_route=\/wp\/v2\/posts\/6736\/revisions\/6844"}],"wp:featuredmedia":[{"embeddable":true,"href":"https:\/\/obispadodezaratecampana.org\/index.php?rest_route=\/wp\/v2\/media\/6743"}],"wp:attachment":[{"href":"https:\/\/obispadodezaratecampana.org\/index.php?rest_route=%2Fwp%2Fv2%2Fmedia&parent=6736"}],"wp:term":[{"taxonomy":"category","embeddable":true,"href":"https:\/\/obispadodezaratecampana.org\/index.php?rest_route=%2Fwp%2Fv2%2Fcategories&post=6736"},{"taxonomy":"post_tag","embeddable":true,"href":"https:\/\/obispadodezaratecampana.org\/index.php?rest_route=%2Fwp%2Fv2%2Ftags&post=6736"}],"curies":[{"name":"wp","href":"https:\/\/api.w.org\/{rel}","templated":true}]}}