{"id":6711,"date":"2014-08-13T20:02:48","date_gmt":"2014-08-13T23:02:48","guid":{"rendered":"http:\/\/obispadodezaratecampana.org\/?p=6711"},"modified":"2014-08-13T20:02:48","modified_gmt":"2014-08-13T23:02:48","slug":"8-septiembre-dia-del-verbo-divino","status":"publish","type":"post","link":"https:\/\/obispadodezaratecampana.org\/?p=6711","title":{"rendered":"8 septiembre: D\u00eda del Verbo Divino"},"content":{"rendered":"<p>Les compartimos esta publicaci\u00f3n aparecida &#8211; el d\u00eda 10 de agosto- \u00a0en el perfil de facebook de Monse\u00f1or Sarlinga:<\/p>\n<p>\u00a1Gracias por la irradiaci\u00f3n del Verbo Divino, en la educaci\u00f3n y en la evangelizaci\u00f3n y misi\u00f3n&#8221;. &#8220;D\u00eda del Verbo Divino&#8221;. Como comunidad diocesana, damos gracias por los 125 a\u00f1os de presencia del Instituto religioso del Verbo Divino en nuestro pa\u00eds, y en el caso de nuestra di\u00f3cesis, irradian su carisma en Pilar. El R. P. Saju George SVD, Director Pastoral, nos ha informado en la carta del fin de a\u00f1o del 2013 acerca del j\u00fabilo de esa Congregaci\u00f3n religiosa por los mencionados 125 a\u00f1os de la presencia y servicios misioneros en la Rep\u00fablica Argentina.<br \/>\nY nos dice: &#8220;Estamos muy agradecidos a Dios por las innumerables bendiciones que hemos recibidos, a lo largos de estos a\u00f1os, que pudimos servir a las di\u00f3cesis argentinas&#8221;. Asistir\u00e1 nuestro Obispo, Mons. Oscar.<br \/>\nAl mismo tiempo, puesto que tradicionalmente el 8 de septiembre celebran el &#8220;d\u00eda del Verbo&#8221;, en este a\u00f1o 2014, con motivo del jubileo, han invitado a nuestro Obispo Oscar a presidir la Celebraci\u00f3n Eucar\u00edstica en Acci\u00f3n de Gracias del d\u00eda lunes 8 de septiembre a las 8.30 junto con la comunidad educativa, as\u00ed como expresaron su deseo que el Obispo permaneciera en los festejos que se realizar\u00e1n a continuaci\u00f3n.<br \/>\n&#8220;Anhelamos su presencia y bendici\u00f3n episcopal. Lo esperamos con alegr\u00eda. Muchas gracias&#8221;, dice el P. Saju George.<\/p>\n<p>Facebook:\u00a0<a title=\"monse\u00f1or \" href=\"https:\/\/www.facebook.com\/monsoscardsarlinga?fref=ts\">https:\/\/www.facebook.com\/monsoscardsarlinga?fref=ts<\/a><\/p>\n<!-- AddThis Advanced Settings generic via filter on the_content --><!-- AddThis Share Buttons generic via filter on the_content -->","protected":false},"excerpt":{"rendered":"<p>Les compartimos esta publicaci\u00f3n aparecida &#8211; el d\u00eda 10 de agosto- \u00a0en el perfil de facebook de Monse\u00f1or Sarlinga: \u00a1Gracias por la irradiaci\u00f3n del Verbo [&hellip;]<!-- AddThis Advanced Settings generic via filter on get_the_excerpt --><!-- AddThis Share Buttons generic via filter on get_the_excerpt --><\/p>\n","protected":false},"author":2,"featured_media":6712,"comment_status":"open","ping_status":"open","sticky":false,"template":"","format":"standard","meta":{"footnotes":""},"categories":[4],"tags":[],"class_list":["post-6711","post","type-post","status-publish","format-standard","has-post-thumbnail","hentry","category-movimientosinstituciones"],"_links":{"self":[{"href":"https:\/\/obispadodezaratecampana.org\/index.php?rest_route=\/wp\/v2\/posts\/6711","targetHints":{"allow":["GET"]}}],"collection":[{"href":"https:\/\/obispadodezaratecampana.org\/index.php?rest_route=\/wp\/v2\/posts"}],"about":[{"href":"https:\/\/obispadodezaratecampana.org\/index.php?rest_route=\/wp\/v2\/types\/post"}],"author":[{"embeddable":true,"href":"https:\/\/obispadodezaratecampana.org\/index.php?rest_route=\/wp\/v2\/users\/2"}],"replies":[{"embeddable":true,"href":"https:\/\/obispadodezaratecampana.org\/index.php?rest_route=%2Fwp%2Fv2%2Fcomments&post=6711"}],"version-history":[{"count":1,"href":"https:\/\/obispadodezaratecampana.org\/index.php?rest_route=\/wp\/v2\/posts\/6711\/revisions"}],"predecessor-version":[{"id":6713,"href":"https:\/\/obispadodezaratecampana.org\/index.php?rest_route=\/wp\/v2\/posts\/6711\/revisions\/6713"}],"wp:featuredmedia":[{"embeddable":true,"href":"https:\/\/obispadodezaratecampana.org\/index.php?rest_route=\/wp\/v2\/media\/6712"}],"wp:attachment":[{"href":"https:\/\/obispadodezaratecampana.org\/index.php?rest_route=%2Fwp%2Fv2%2Fmedia&parent=6711"}],"wp:term":[{"taxonomy":"category","embeddable":true,"href":"https:\/\/obispadodezaratecampana.org\/index.php?rest_route=%2Fwp%2Fv2%2Fcategories&post=6711"},{"taxonomy":"post_tag","embeddable":true,"href":"https:\/\/obispadodezaratecampana.org\/index.php?rest_route=%2Fwp%2Fv2%2Ftags&post=6711"}],"curies":[{"name":"wp","href":"https:\/\/api.w.org\/{rel}","templated":true}]}}