{"id":6706,"date":"2014-08-13T19:36:29","date_gmt":"2014-08-13T22:36:29","guid":{"rendered":"http:\/\/obispadodezaratecampana.org\/?p=6706"},"modified":"2014-08-13T19:40:57","modified_gmt":"2014-08-13T22:40:57","slug":"jueves-14-de-agosto-celebracion-en-escobar","status":"publish","type":"post","link":"https:\/\/obispadodezaratecampana.org\/?p=6706","title":{"rendered":"Jueves 14 de agosto: Celebraci\u00f3n en Escobar"},"content":{"rendered":"<p>El jueves 14 de agosto,\u00a0\u00a0a las 10: 00 hs , \u00a0nuestro Obispo Oscar , celebrar\u00e1 la Santa Misa en honor de la Virgen Mar\u00eda Asunta al Cielo &#8211; cuya festividad es el viernes 15- , en la iglesia Concatedral de la Natividad del Se\u00f1or en Bel\u00e9n de Escobar.<br \/>\nParticipar\u00e1n de la celebraci\u00f3n lit\u00fargica los miembros de la comunidad educativa del colegio &#8220;Santa Mar\u00eda&#8221; &#8211; tambi\u00e9n del partido de Escobar- , que la tiene como patrona.<\/p>\n<p>Facebook de la Cocatedral:\u00a0<a title=\"asunta \" href=\"https:\/\/www.facebook.com\/cocatedralnatividad.escobar\">https:\/\/www.facebook.com\/cocatedralnatividad.escobar<\/a><\/p>\n<p>Facebook del colegio Santa Mar\u00eda:\u00a0<a title=\"colegio\" href=\"https:\/\/www.facebook.com\/santamaria.zc?fref=ts\">https:\/\/www.facebook.com\/santamaria.zc?fref=ts<\/a><\/p>\n<!-- AddThis Advanced Settings generic via filter on the_content --><!-- AddThis Share Buttons generic via filter on the_content -->","protected":false},"excerpt":{"rendered":"<p>El jueves 14 de agosto,\u00a0\u00a0a las 10: 00 hs , \u00a0nuestro Obispo Oscar , celebrar\u00e1 la Santa Misa en honor de la Virgen Mar\u00eda Asunta [&hellip;]<!-- AddThis Advanced Settings generic via filter on get_the_excerpt --><!-- AddThis Share Buttons generic via filter on get_the_excerpt --><\/p>\n","protected":false},"author":2,"featured_media":6707,"comment_status":"open","ping_status":"open","sticky":false,"template":"","format":"standard","meta":{"footnotes":""},"categories":[3],"tags":[],"class_list":["post-6706","post","type-post","status-publish","format-standard","has-post-thumbnail","hentry","category-noticiasparroquiales"],"_links":{"self":[{"href":"https:\/\/obispadodezaratecampana.org\/index.php?rest_route=\/wp\/v2\/posts\/6706","targetHints":{"allow":["GET"]}}],"collection":[{"href":"https:\/\/obispadodezaratecampana.org\/index.php?rest_route=\/wp\/v2\/posts"}],"about":[{"href":"https:\/\/obispadodezaratecampana.org\/index.php?rest_route=\/wp\/v2\/types\/post"}],"author":[{"embeddable":true,"href":"https:\/\/obispadodezaratecampana.org\/index.php?rest_route=\/wp\/v2\/users\/2"}],"replies":[{"embeddable":true,"href":"https:\/\/obispadodezaratecampana.org\/index.php?rest_route=%2Fwp%2Fv2%2Fcomments&post=6706"}],"version-history":[{"count":3,"href":"https:\/\/obispadodezaratecampana.org\/index.php?rest_route=\/wp\/v2\/posts\/6706\/revisions"}],"predecessor-version":[{"id":6710,"href":"https:\/\/obispadodezaratecampana.org\/index.php?rest_route=\/wp\/v2\/posts\/6706\/revisions\/6710"}],"wp:featuredmedia":[{"embeddable":true,"href":"https:\/\/obispadodezaratecampana.org\/index.php?rest_route=\/wp\/v2\/media\/6707"}],"wp:attachment":[{"href":"https:\/\/obispadodezaratecampana.org\/index.php?rest_route=%2Fwp%2Fv2%2Fmedia&parent=6706"}],"wp:term":[{"taxonomy":"category","embeddable":true,"href":"https:\/\/obispadodezaratecampana.org\/index.php?rest_route=%2Fwp%2Fv2%2Fcategories&post=6706"},{"taxonomy":"post_tag","embeddable":true,"href":"https:\/\/obispadodezaratecampana.org\/index.php?rest_route=%2Fwp%2Fv2%2Ftags&post=6706"}],"curies":[{"name":"wp","href":"https:\/\/api.w.org\/{rel}","templated":true}]}}