{"id":6703,"date":"2014-08-11T13:58:41","date_gmt":"2014-08-11T16:58:41","guid":{"rendered":"http:\/\/obispadodezaratecampana.org\/?p=6703"},"modified":"2014-08-11T13:58:41","modified_gmt":"2014-08-11T16:58:41","slug":"domingo-10-de-agosto-ss-francisco","status":"publish","type":"post","link":"https:\/\/obispadodezaratecampana.org\/?p=6703","title":{"rendered":"Domingo 10 de agosto &#8211; SS Francisco"},"content":{"rendered":"<p>\u00a1Todo esto ofende gravemente a Dios y a la humanidad! No al odio y a la guerra en nombre de Dios, exclam\u00f3 con consternaci\u00f3n el Sucesor de Pedro, refiri\u00e9ndose a los cr\u00edmenes que se perpetran, en especial a la muerte de tantos ni\u00f1os y al sufrimiento de las v\u00edctimas indefensas de la cruel sinraz\u00f3n de la violencia, que no se vence con m\u00e1s violencia. En el domingo en el que al un\u00edsono con el Obispo de Roma, como pidi\u00f3 \u00e9l mismo, los corazones de los cat\u00f3licos del mundo junto con los de todas las personas de buena voluntad, elevan una oraci\u00f3n especial, el Papa Bergoglio volvi\u00f3 a pronunciar un apremiante llamamiento. Abrazando a las poblaciones golpeadas, apelando a la comunidad internacional y recordando la misi\u00f3n de su Enviado Personal, Card. Filoni, que viaja este lunes, el Santo Padre record\u00f3 tambi\u00e9n a las v\u00edctimas del \u00c9bola y pidi\u00f3 que se le acompa\u00f1e con la oraci\u00f3n en su Viaje a Corea:<\/p>\n<p>Queridos hermanos y hermanas<br \/>\nnos dejan pasmados y consternados las noticias que llegan de Irak: miles de personas, entre ellos tantos cristianos, expulsados de sus hogares de una manera brutal; ni\u00f1os que mueren de sed y de hambre durante la fuga; mujeres secuestradas; personas masacradas; violencias de todo tipo; destrucci\u00f3n por todas partes, de casas, de patrimonios religiosos, hist\u00f3ricos y culturales. \u00a1Todo esto ofende gravemente a Dios y a la humanidad. \u00a1No se odia en nombre de Dios! \u00a1No se hace la guerra en nombre de Dios!<br \/>\nTodos nosotros pensando en esta situaci\u00f3n, en esta gente, recemos en silencio&#8230;<br \/>\nAgradezco a los que, con valent\u00eda, est\u00e1n brindando socorro a estos hermanos y hermanas, y conf\u00edo en que una soluci\u00f3n pol\u00edtica eficaz a nivel internacional y local pueda detener estos cr\u00edmenes y restaurar el derecho. Para asegura mejor mi cercan\u00eda a esas queridas poblaciones he nombrado como mi Enviado Personal, que ma\u00f1ana viajar\u00e1 desde Roma a Irak al Cardenal Fernando Filoni.<br \/>\nTambi\u00e9n en Gaza, despu\u00e9s de una tregua se ha reanudado la guerra que se cobra v\u00edctimas inocentes &#8211; ni\u00f1os &#8211; y no hace m\u00e1s que empeorar el conflicto entre israel\u00edes y palestinos.<br \/>\nOremos juntos al Dios de la paz, por intercesi\u00f3n de la Virgen Mar\u00eda: Dona la paz, Se\u00f1or, a nuestros d\u00edas, y haz que seamos constructores de justicia y de paz.<br \/>\n\u00a1Reina de la paz, ruega por nosotros!<br \/>\nOremos tambi\u00e9n por las v\u00edctimas del virus &#8220;\u00c9bola&#8221; y por aquellos que est\u00e1n luchando para detenerlo\u00bb.<br \/>\nCon sus saludos a todos los peregrinos y fieles romanos, el Papa record\u00f3 que desde el pr\u00f3ximo mi\u00e9rcoles hasta el lunes, 18 va a realizar un Viaje Apost\u00f3lico a Corea, y pidi\u00f3 \u00a1por favor, acomp\u00e1\u00f1enme con la oraci\u00f3n!<br \/>\nFuente: www.news.va<\/p>\n<p>&nbsp;<\/p>\n<!-- AddThis Advanced Settings generic via filter on the_content --><!-- AddThis Share Buttons generic via filter on the_content -->","protected":false},"excerpt":{"rendered":"<p>\u00a1Todo esto ofende gravemente a Dios y a la humanidad! No al odio y a la guerra en nombre de Dios, exclam\u00f3 con consternaci\u00f3n el [&hellip;]<!-- AddThis Advanced Settings generic via filter on get_the_excerpt --><!-- AddThis Share Buttons generic via filter on get_the_excerpt --><\/p>\n","protected":false},"author":2,"featured_media":6704,"comment_status":"open","ping_status":"open","sticky":false,"template":"","format":"standard","meta":{"footnotes":""},"categories":[161],"tags":[],"class_list":["post-6703","post","type-post","status-publish","format-standard","has-post-thumbnail","hentry","category-el-papa-leonxiv"],"_links":{"self":[{"href":"https:\/\/obispadodezaratecampana.org\/index.php?rest_route=\/wp\/v2\/posts\/6703","targetHints":{"allow":["GET"]}}],"collection":[{"href":"https:\/\/obispadodezaratecampana.org\/index.php?rest_route=\/wp\/v2\/posts"}],"about":[{"href":"https:\/\/obispadodezaratecampana.org\/index.php?rest_route=\/wp\/v2\/types\/post"}],"author":[{"embeddable":true,"href":"https:\/\/obispadodezaratecampana.org\/index.php?rest_route=\/wp\/v2\/users\/2"}],"replies":[{"embeddable":true,"href":"https:\/\/obispadodezaratecampana.org\/index.php?rest_route=%2Fwp%2Fv2%2Fcomments&post=6703"}],"version-history":[{"count":1,"href":"https:\/\/obispadodezaratecampana.org\/index.php?rest_route=\/wp\/v2\/posts\/6703\/revisions"}],"predecessor-version":[{"id":6705,"href":"https:\/\/obispadodezaratecampana.org\/index.php?rest_route=\/wp\/v2\/posts\/6703\/revisions\/6705"}],"wp:featuredmedia":[{"embeddable":true,"href":"https:\/\/obispadodezaratecampana.org\/index.php?rest_route=\/wp\/v2\/media\/6704"}],"wp:attachment":[{"href":"https:\/\/obispadodezaratecampana.org\/index.php?rest_route=%2Fwp%2Fv2%2Fmedia&parent=6703"}],"wp:term":[{"taxonomy":"category","embeddable":true,"href":"https:\/\/obispadodezaratecampana.org\/index.php?rest_route=%2Fwp%2Fv2%2Fcategories&post=6703"},{"taxonomy":"post_tag","embeddable":true,"href":"https:\/\/obispadodezaratecampana.org\/index.php?rest_route=%2Fwp%2Fv2%2Ftags&post=6703"}],"curies":[{"name":"wp","href":"https:\/\/api.w.org\/{rel}","templated":true}]}}