{"id":6678,"date":"2014-08-06T23:37:30","date_gmt":"2014-08-07T02:37:30","guid":{"rendered":"http:\/\/obispadodezaratecampana.org\/?p=6678"},"modified":"2014-08-07T00:08:35","modified_gmt":"2014-08-07T03:08:35","slug":"dios-padre-bueno-nos-quiere-libres-el-papa-a-miles-de-monaguillos-alemanes","status":"publish","type":"post","link":"https:\/\/obispadodezaratecampana.org\/?p=6678","title":{"rendered":"Dios, Padre bueno, nos quiere \u00a1libres! El Papa a miles de monaguillos alemanes"},"content":{"rendered":"<p>\u00a1Libres! \u00a1Porque est\u00e1 permitido hacer una buena acci\u00f3n! Es el lema, inspirado en las palabras de Jes\u00fas, en el Evangelio de Mateo, de la peregrinaci\u00f3n de 50 mil monaguillos de las di\u00f3cesis alemanas y de las de Viena, Linz y Letonia, cuyo evento central se llev\u00f3 a cabo la tarde de este martes con el Papa Francisco, en la Plaza de San Pedro. El Santo Padre lleg\u00f3 a la Plaza alrededor de las 18.00, para presidir la celebraci\u00f3n de las V\u00edsperas y luego saludar al Presidente de la Conferencia episcopal alemana y responder a algunas preguntas de estos chicos y chicas.<\/p>\n<p>Dirigi\u00e9ndose a estos muchachos y muchachas, el Papa les dijo:<\/p>\n<p><em>Las palabras de san Pablo que hemos apenas escuchado, tomadas de la Carta a los G\u00e1latas, llaman nuestra atenci\u00f3n. El tiempo se ha cumplido, dice Pablo. Ahora Dios realiza su obra decisiva. Aquello que \u00c9l ha querido decir a los hombres desde siempre \u2013 y lo ha hecho a trav\u00e9s de las palabras de los profetas \u2013, lo manifiesta con una se\u00f1al evidente. Dios nos demuestra que \u00c9l es el Padre bueno. Y \u00bfc\u00f3mo lo hace? Lo hace a trav\u00e9s de la encarnaci\u00f3n de su Hijo, que se vuelve como uno de nosotros. A trav\u00e9s de este hombre concreto de nombre Jes\u00fas, podemos entender aquello que Dios pretende verdaderamente. \u00c9l quiere personas humanas libres, porque se sienten protegidas siempre como hijos de un Padre bueno. Para realizar este plan, Dios tiene solamente necesidad de una persona humana. Tiene necesidad de una mujer, una madre, que traiga al mundo al Hijo. Ella es la Virgen Mar\u00eda, que honramos con esta celebraci\u00f3n vespertina. Mar\u00eda fue totalmente libre. En su libertad dijo \u201cs\u00ed\u201d. Ella hizo el bien para siempre. De esta manera sirvi\u00f3 a Dios y a los hombres. Imitemos su ejemplo, si queremos saber aquello que Dios se espera de nosotros sus hijos.<\/em><\/p>\n<p>Fuente: www.news.va<\/p>\n<!-- AddThis Advanced Settings generic via filter on the_content --><!-- AddThis Share Buttons generic via filter on the_content -->","protected":false},"excerpt":{"rendered":"<p>\u00a1Libres! \u00a1Porque est\u00e1 permitido hacer una buena acci\u00f3n! Es el lema, inspirado en las palabras de Jes\u00fas, en el Evangelio de Mateo, de la peregrinaci\u00f3n [&hellip;]<!-- AddThis Advanced Settings generic via filter on get_the_excerpt --><!-- AddThis Share Buttons generic via filter on get_the_excerpt --><\/p>\n","protected":false},"author":2,"featured_media":6684,"comment_status":"open","ping_status":"open","sticky":false,"template":"","format":"standard","meta":{"footnotes":""},"categories":[161],"tags":[],"class_list":["post-6678","post","type-post","status-publish","format-standard","has-post-thumbnail","hentry","category-el-papa-leonxiv"],"_links":{"self":[{"href":"https:\/\/obispadodezaratecampana.org\/index.php?rest_route=\/wp\/v2\/posts\/6678","targetHints":{"allow":["GET"]}}],"collection":[{"href":"https:\/\/obispadodezaratecampana.org\/index.php?rest_route=\/wp\/v2\/posts"}],"about":[{"href":"https:\/\/obispadodezaratecampana.org\/index.php?rest_route=\/wp\/v2\/types\/post"}],"author":[{"embeddable":true,"href":"https:\/\/obispadodezaratecampana.org\/index.php?rest_route=\/wp\/v2\/users\/2"}],"replies":[{"embeddable":true,"href":"https:\/\/obispadodezaratecampana.org\/index.php?rest_route=%2Fwp%2Fv2%2Fcomments&post=6678"}],"version-history":[{"count":1,"href":"https:\/\/obispadodezaratecampana.org\/index.php?rest_route=\/wp\/v2\/posts\/6678\/revisions"}],"predecessor-version":[{"id":6679,"href":"https:\/\/obispadodezaratecampana.org\/index.php?rest_route=\/wp\/v2\/posts\/6678\/revisions\/6679"}],"wp:featuredmedia":[{"embeddable":true,"href":"https:\/\/obispadodezaratecampana.org\/index.php?rest_route=\/wp\/v2\/media\/6684"}],"wp:attachment":[{"href":"https:\/\/obispadodezaratecampana.org\/index.php?rest_route=%2Fwp%2Fv2%2Fmedia&parent=6678"}],"wp:term":[{"taxonomy":"category","embeddable":true,"href":"https:\/\/obispadodezaratecampana.org\/index.php?rest_route=%2Fwp%2Fv2%2Fcategories&post=6678"},{"taxonomy":"post_tag","embeddable":true,"href":"https:\/\/obispadodezaratecampana.org\/index.php?rest_route=%2Fwp%2Fv2%2Ftags&post=6678"}],"curies":[{"name":"wp","href":"https:\/\/api.w.org\/{rel}","templated":true}]}}