{"id":6628,"date":"2014-08-02T15:44:37","date_gmt":"2014-08-02T18:44:37","guid":{"rendered":"http:\/\/obispadodezaratecampana.org\/?p=6628"},"modified":"2014-08-02T15:51:23","modified_gmt":"2014-08-02T18:51:23","slug":"martes-5-de-agosto-misa-de-la-rcc-en-campana","status":"publish","type":"post","link":"https:\/\/obispadodezaratecampana.org\/?p=6628","title":{"rendered":"Martes 5 de agosto: Misa de la RCC en Campana"},"content":{"rendered":"<p>PARROQUIA NUESTRA SE\u00d1ORA DEL CARMEN- CAMPANA<br \/>\nPADRES ROGACIONISTAS Y RENOVACI\u00d3N<br \/>\nCARISM\u00c1TICA CAT\u00d3LICA INVITAN :<\/p>\n<p>A la misa de oracion por los enfermos.<\/p>\n<p>&#8221; Jes\u00fas les dijo : Animo no teman soy yo.&#8221;<br \/>\nMateo 14,22- 36<\/p>\n<p>Celebrada por padre Rufino Gim\u00e9nez Fines.<\/p>\n<p>Te esperamos el martes 5 de Agosto.<br \/>\nA las 17: 30 hs. comienzan las Alabanzas.<\/p>\n<p>En Pueyrredon y Balbin. Te: 423574<\/p>\n<p>Traer un alimento no perecedero para C\u00e1ritas<\/p>\n<p>Perfil de facebook de la parroquia del Carmen de Campana:<\/p>\n<p><a title=\"carmen\" href=\"https:\/\/www.facebook.com\/pages\/Parroquia-Nuestra-Se%C3%B1ora-del-Carmen-Campana\/196113643854479?hc_location=timeline\">https:\/\/www.facebook.com\/pages\/Parroquia-Nuestra-Se%C3%B1ora-del-Carmen-Campana\/196113643854479?hc_location=timeline<\/a><\/p>\n<!-- AddThis Advanced Settings generic via filter on the_content --><!-- AddThis Share Buttons generic via filter on the_content -->","protected":false},"excerpt":{"rendered":"<p>PARROQUIA NUESTRA SE\u00d1ORA DEL CARMEN- CAMPANA PADRES ROGACIONISTAS Y RENOVACI\u00d3N CARISM\u00c1TICA CAT\u00d3LICA INVITAN : A la misa de oracion por los enfermos. &#8221; Jes\u00fas les [&hellip;]<!-- AddThis Advanced Settings generic via filter on get_the_excerpt --><!-- AddThis Share Buttons generic via filter on get_the_excerpt --><\/p>\n","protected":false},"author":2,"featured_media":6632,"comment_status":"open","ping_status":"open","sticky":false,"template":"","format":"standard","meta":{"footnotes":""},"categories":[3],"tags":[],"class_list":["post-6628","post","type-post","status-publish","format-standard","has-post-thumbnail","hentry","category-noticiasparroquiales"],"_links":{"self":[{"href":"https:\/\/obispadodezaratecampana.org\/index.php?rest_route=\/wp\/v2\/posts\/6628","targetHints":{"allow":["GET"]}}],"collection":[{"href":"https:\/\/obispadodezaratecampana.org\/index.php?rest_route=\/wp\/v2\/posts"}],"about":[{"href":"https:\/\/obispadodezaratecampana.org\/index.php?rest_route=\/wp\/v2\/types\/post"}],"author":[{"embeddable":true,"href":"https:\/\/obispadodezaratecampana.org\/index.php?rest_route=\/wp\/v2\/users\/2"}],"replies":[{"embeddable":true,"href":"https:\/\/obispadodezaratecampana.org\/index.php?rest_route=%2Fwp%2Fv2%2Fcomments&post=6628"}],"version-history":[{"count":3,"href":"https:\/\/obispadodezaratecampana.org\/index.php?rest_route=\/wp\/v2\/posts\/6628\/revisions"}],"predecessor-version":[{"id":6631,"href":"https:\/\/obispadodezaratecampana.org\/index.php?rest_route=\/wp\/v2\/posts\/6628\/revisions\/6631"}],"wp:featuredmedia":[{"embeddable":true,"href":"https:\/\/obispadodezaratecampana.org\/index.php?rest_route=\/wp\/v2\/media\/6632"}],"wp:attachment":[{"href":"https:\/\/obispadodezaratecampana.org\/index.php?rest_route=%2Fwp%2Fv2%2Fmedia&parent=6628"}],"wp:term":[{"taxonomy":"category","embeddable":true,"href":"https:\/\/obispadodezaratecampana.org\/index.php?rest_route=%2Fwp%2Fv2%2Fcategories&post=6628"},{"taxonomy":"post_tag","embeddable":true,"href":"https:\/\/obispadodezaratecampana.org\/index.php?rest_route=%2Fwp%2Fv2%2Ftags&post=6628"}],"curies":[{"name":"wp","href":"https:\/\/api.w.org\/{rel}","templated":true}]}}