{"id":6622,"date":"2014-08-02T15:22:27","date_gmt":"2014-08-02T18:22:27","guid":{"rendered":"http:\/\/obispadodezaratecampana.org\/?p=6622"},"modified":"2014-08-02T17:14:11","modified_gmt":"2014-08-02T20:14:11","slug":"parroquia-sagrado-corazon-de-jesus-dedicacion-del-templo-y-consagracion-del-altar","status":"publish","type":"post","link":"https:\/\/obispadodezaratecampana.org\/?p=6622","title":{"rendered":"Parroquia Sagrado Coraz\u00f3n de Jesus: Dedicaci\u00f3n del templo y consagraci\u00f3n del altar"},"content":{"rendered":"<p>&nbsp;<\/p>\n<p><a href=\"http:\/\/obispadodezaratecampana.org\/wp-content\/uploads\/2014\/08\/1377608_847876801889071_8277655718072262232_n.jpg\"><img fetchpriority=\"high\" decoding=\"async\" class=\"aligncenter  wp-image-6623\" src=\"http:\/\/obispadodezaratecampana.org\/wp-content\/uploads\/2014\/08\/1377608_847876801889071_8277655718072262232_n-300x211.jpg\" alt=\"1377608_847876801889071_8277655718072262232_n\" width=\"568\" height=\"396\" \/><\/a>Sagrado Coraz\u00f3n de Jes\u00fas, \u00a1en vos confiamos!. La parroquia del Sagrado Coraz\u00f3n, en los barrios Lambar\u00e9 y Do\u00f1a Justa (de la zona de Ingeniero Maschwitz lindante con Maquinista Savio) es la m\u00e1s reciente creada en nuestra di\u00f3cesis de Z\u00e1rate-Campana. Su templo parroquial no estaba terminado ni consagrado. Ser\u00e1 consagrado el pr\u00f3ximo 7 de septiembre en una celebraci\u00f3n presidida por el Obispo.<\/p>\n<p>La imagen adjunta en esta nota es la invitaci\u00f3n enviada por el cura p\u00e1rroco, Pbro. Alfredo Me\u00f3niz.<\/p>\n<p>En el a\u00f1o 2013 &#8211; mes de septiembre- \u00a0Mons. Oscar bendijo y entroniz\u00f3 aqui una imagen de San Miguel Arc\u00e1ngel, pueden ingresar al siguiente enlace para ver mas detalles: \u00a0<a title=\"miguel \" href=\"http:\/\/oscarsarlinga.blogspot.com.ar\/2013\/09\/oracion-de-bendicion-y-entronizacion-de.html\">http:\/\/oscarsarlinga.blogspot.com.ar\/2013\/09\/oracion-de-bendicion-y-entronizacion-de.html<\/a><\/p>\n<!-- AddThis Advanced Settings generic via filter on the_content --><!-- AddThis Share Buttons generic via filter on the_content -->","protected":false},"excerpt":{"rendered":"<p>&nbsp; Sagrado Coraz\u00f3n de Jes\u00fas, \u00a1en vos confiamos!. La parroquia del Sagrado Coraz\u00f3n, en los barrios Lambar\u00e9 y Do\u00f1a Justa (de la zona de Ingeniero [&hellip;]<!-- AddThis Advanced Settings generic via filter on get_the_excerpt --><!-- AddThis Share Buttons generic via filter on get_the_excerpt --><\/p>\n","protected":false},"author":2,"featured_media":6623,"comment_status":"open","ping_status":"open","sticky":false,"template":"","format":"standard","meta":{"footnotes":""},"categories":[3],"tags":[],"class_list":["post-6622","post","type-post","status-publish","format-standard","has-post-thumbnail","hentry","category-noticiasparroquiales"],"_links":{"self":[{"href":"https:\/\/obispadodezaratecampana.org\/index.php?rest_route=\/wp\/v2\/posts\/6622","targetHints":{"allow":["GET"]}}],"collection":[{"href":"https:\/\/obispadodezaratecampana.org\/index.php?rest_route=\/wp\/v2\/posts"}],"about":[{"href":"https:\/\/obispadodezaratecampana.org\/index.php?rest_route=\/wp\/v2\/types\/post"}],"author":[{"embeddable":true,"href":"https:\/\/obispadodezaratecampana.org\/index.php?rest_route=\/wp\/v2\/users\/2"}],"replies":[{"embeddable":true,"href":"https:\/\/obispadodezaratecampana.org\/index.php?rest_route=%2Fwp%2Fv2%2Fcomments&post=6622"}],"version-history":[{"count":3,"href":"https:\/\/obispadodezaratecampana.org\/index.php?rest_route=\/wp\/v2\/posts\/6622\/revisions"}],"predecessor-version":[{"id":6639,"href":"https:\/\/obispadodezaratecampana.org\/index.php?rest_route=\/wp\/v2\/posts\/6622\/revisions\/6639"}],"wp:featuredmedia":[{"embeddable":true,"href":"https:\/\/obispadodezaratecampana.org\/index.php?rest_route=\/wp\/v2\/media\/6623"}],"wp:attachment":[{"href":"https:\/\/obispadodezaratecampana.org\/index.php?rest_route=%2Fwp%2Fv2%2Fmedia&parent=6622"}],"wp:term":[{"taxonomy":"category","embeddable":true,"href":"https:\/\/obispadodezaratecampana.org\/index.php?rest_route=%2Fwp%2Fv2%2Fcategories&post=6622"},{"taxonomy":"post_tag","embeddable":true,"href":"https:\/\/obispadodezaratecampana.org\/index.php?rest_route=%2Fwp%2Fv2%2Ftags&post=6622"}],"curies":[{"name":"wp","href":"https:\/\/api.w.org\/{rel}","templated":true}]}}