{"id":6523,"date":"2014-07-25T00:32:28","date_gmt":"2014-07-25T03:32:28","guid":{"rendered":"http:\/\/obispadodezaratecampana.org\/?p=6523"},"modified":"2014-07-25T00:32:28","modified_gmt":"2014-07-25T03:32:28","slug":"santa-brigida-de-suecia-23-de-julio","status":"publish","type":"post","link":"https:\/\/obispadodezaratecampana.org\/?p=6523","title":{"rendered":"Santa Br\u00edgida de Suecia &#8211; 23 de julio"},"content":{"rendered":"<p>El 23 de julio la Iglesia celebra la conmemoraci\u00f3n lit\u00fargica de Santa Br\u00edgida de Suecia. En nuestra di\u00f3cesis, el Obispo la ha declarado patrona de los grupos e iniciativas de piedad ecum\u00e9nica y del di\u00e1logo interreligioso. Se celebr\u00f3 misa en su honor en su d\u00eda, a las 19 hs en la Catedral Santa Florentina.<br \/>\nLa asociaci\u00f3n privada de fieles &#8220;Amigos de Santa Br\u00edgida&#8221; la venera como su patrona e inspiradora.<\/p>\n<p>Compartimos a continuaci\u00f3n la catequesis que el Papa em\u00e9rito Benedicto XVI pronunci\u00f3 el 27 de octubre del 2010, durante la Audiencia General celebrada en la Plaza de San Pedro, con los peregrinos procedentes de todo el mundo. En ella habla esta Santa.<\/p>\n<p><em>Queridos hermanos y hermanas,<\/em><\/p>\n<p><em>en la ferviente vigilia del Gran Jubileo del A\u00f1o 2000, el Venerable Siervo de Dios (hoy santo) Juan Pablo II proclam\u00f3 a santa Br\u00edgida de Suecia copatrona de toda Europa. Esta ma\u00f1ana quisiera presentar su figura, su mensaje, y las razones por las que esta santa mujer tiene mucho que ense\u00f1ar \u2013 a\u00fan hoy \u2013 a la Iglesia y al mundo.<\/em><\/p>\n<p><em>Conocemos bien los acontecimientos de la vida de santa Br\u00edgida, porque sus padres espirituales redactaron su biograf\u00eda para promover su proceso de canonizaci\u00f3n inmediatamente despu\u00e9s de su muerte, que tuvo lugar en 1373. Br\u00edgida hab\u00eda nacido setenta a\u00f1os antes, en 1303, en Finster, en Suecia, una naci\u00f3n del Norte de Europa que desde hac\u00eda tres siglos hab\u00eda acogido la fe cristiana con el mismo entusiasmo con el que la Santa la hab\u00eda recibido de sus padres, personas muy piadosas, pertenecientes a familias nobles cercanas a la Casa reinante.<\/em><\/p>\n<p><em>Podemos distinguir dos periodos en la vida de esta Santa.<\/em><\/p>\n<p><em>El primero se caracteriz\u00f3 por su condici\u00f3n de mujer felizmente casada. Su marido se llamaba Ulf y era gobernador de un importante distrito del reino de Suecia. El matrimonio dur\u00f3 veintiocho a\u00f1os, hasta la muerte de Ulf. Nacieron ocho hijos, de los que la segunda, Karin (Catalina), es venerada como santa. Esto es un signo elocuente del compromiso educativo de Br\u00edgida respecto de sus propios hijos. Por lo dem\u00e1s, su sabidur\u00eda pedag\u00f3gica era apreciada hasta tal punto que el rey de Suecia, Magnus, la llam\u00f3 a la corte por un cierto tiempo, con el fin de introducir a su joven esposa, Blanca de Namur, en la cultura sueca.<\/em><\/p>\n<p><em>Br\u00edgida, espiritualmente guiada por un docto religioso que la inici\u00f3 en el estudio de las Escrituras, ejerci\u00f3 una influencia muy positiva en su propia familia que, gracias a su presencia, se convirti\u00f3 en una verdadera \u201ciglesia dom\u00e9stica\u201d. Junto con su marido, adopt\u00f3 la Regla de los Terciarios franciscanos. Practicaba con generosidad obras de caridad hacia los indigentes; fund\u00f3 tambi\u00e9n un hospital. Junto a su esposa, Ulf aprendi\u00f3 a mejorar su car\u00e1cter y a progresar en la vida cristiana. A la vuelta de una larga peregrinaci\u00f3n a Santiago de Compostela, efectuado en 1341 junto a otros miembros de la familia, los esposos maduraron el proyecto de vivir en continencia; pero poco despu\u00e9s, en la paz de un monasterio en el que se hab\u00eda retirado, Ulf concluy\u00f3 su vida terrena.<\/em><\/p>\n<p><em>Este primer periodo de la vida de Br\u00edgida nos ayuda a apreciar la que hoy podr\u00edamos definir una aut\u00e9ntica \u201cespiritualidad conyugal\u201d: juntos, los esposos cristianos pueden recorrer un camino de santidad, sostenidos por la gracia del Sacramento del Matrimonio. No pocas veces, precisamente como sucedi\u00f3 en la vida de santa Br\u00edgida y de Ulf, es la mujer la que con su sensibilidad religiosa, con la delicadeza y la dulzura consigue hacer recorrer al marido un camino de fe. Pienso con reconocimiento en tantas mujeres que, d\u00eda a d\u00eda, a\u00fan hoy iluminan a sus propias familias con su testimonio de vida cristiana. Que el Esp\u00edritu del Se\u00f1or pueda suscitar tambi\u00e9n hoy la santidad de los esposos cristianos, para mostrar al mundo la belleza del matrimonio vivido seg\u00fan los valores del Evangelio: el amor, la ternura, la ayuda rec\u00edproca, la fecundidad en engendrar y educar hijos, la apertura y la solidaridad hacia el mundo, la participaci\u00f3n en la vida de la Iglesia.<\/em><\/p>\n<p><em>Cuando Br\u00edgida se qued\u00f3 viuda, comenz\u00f3 el segundo periodo de su vida. Renunci\u00f3 a otro matrimonio para profundizar en la uni\u00f3n con el Se\u00f1or a trav\u00e9s de la oraci\u00f3n, la penitencia y las obras de caridad. Tambi\u00e9n las viudas cristianas, por tanto, pueden encontrar en esta Santa un modelo a seguir. En efecto, Br\u00edgida, a la muerte de su marido, tras haber distribuido sus propios bienes a los pobres, a\u00fan sin acceder nunca a la consagraci\u00f3n religiosa, se estableci\u00f3 en el monasterio cisterciense de Alvastra. Aqu\u00ed tuvieron inicio las revelaciones divinas, que la acompa\u00f1aron todo el resto de su vida. \u00c9stas fueron dictadas por Br\u00edgida a sus secretarios-confesores, que las tradujeron del sueco al lat\u00edn y las recogieron en una edici\u00f3n de ocho libros, titulados Revelationes (Revelaciones). A estos libros se a\u00f1adi\u00f3 un suplemento, que lleva por t\u00edtulo Revelationes extra vagantes (Revelaciones suplementarias).<\/em><\/p>\n<p><em>Las Revelaciones de santa Br\u00edgida presentan un contenido y un estilo muy variados. A veces la revelaci\u00f3n se presenta bajo forma de di\u00e1logos entre las Personas divinas, la Virgen, los santos y tambi\u00e9n los demonios; di\u00e1logos en los que tambi\u00e9n Br\u00edgida interviene. Otras veces, en cambio, se trata de la narraci\u00f3n de una visi\u00f3n particular; y en otras se narra lo que la Virgen Mar\u00eda le revela sobre la vida y los misterios del Hijo. El valor de las Revelaciones de santa Br\u00edgida, a veces objeto de alguna duda, fue precisado por el Venerable Juan Pablo II en la Carta Spes Aedificandi: \u201cReconociendo la santidad de Br\u00edgida \u2013 escribe mi amado Predecesor \u2013 la Iglesia, a\u00fan sin pronunciarse sobre cada una de las revelaciones, acogi\u00f3 la autenticidad conjunta de su experiencia interior\u201d (n. 5).<\/em><\/p>\n<p><em>De hecho, leyendo estas Revelaciones, se nos interpela sobre muchos temas importantes. Por ejemplo, vuelve frecuentemente la descripci\u00f3n, con detalles muy realistas, de la Pasi\u00f3n de Cristo, hacia la cual Br\u00edgida tuvo siempre una devoci\u00f3n privilegiada, contemplando en ella el amor infinito de Dios por los hombres. En la boca del Se\u00f1or que le habla, ella pone con audacia estas conmovedoras palabras: \u201cOh, amigos m\u00edos, yo amo tan tiernamente a mis ovejas que, si fuese posible, quisiera morir muchas otras veces, por cada una de ellas, de la misma muerte que sufr\u00ed por la redenci\u00f3n de todas\u201d (Revelationes, Libro I, c. 59). Tambi\u00e9n la dolorosa maternidad de Mar\u00eda, que la hizo Mediadora y Madre de misericordia, es un argumento que se repite a menudo en las Revelaciones.<\/em><\/p>\n<p><em>Recibiendo estos carismas, Br\u00edgida era consciente de ser destinataria de un don de gran predilecci\u00f3n por parte del Se\u00f1or: \u201cHija m\u00eda \u2013 leemos en el primer libro de las Revelaciones \u2013 Yo te he elegido para m\u00ed, \u00e1mame con todo tu coraz\u00f3n&#8230; m\u00e1s que todo lo que existe en el mundo\u201d (c. 1). Por lo dem\u00e1s, Br\u00edgida sab\u00eda bien, y estaba firmemente convencida de ello, que todo carisma est\u00e1 destinado a edificar la Iglesia. Precisamente por ese motivo, no pocas de sus revelaciones estaban dirigidas, en forma de advertencias incluso severas, a los creyentes de su tiempo, incluyendo las Autoridades religiosas y pol\u00edticas, para que viviesen coherentemente su vida cristiana; pero hac\u00eda esto con una actitud de respeto y de fidelidad plena al Magisterio de la Iglesia, en particular al Sucesor del Ap\u00f3stol Pedro.<\/em><\/p>\n<p><em>En 1349 Br\u00edgida dej\u00f3 para siempre Suecia y se dirigi\u00f3 en peregrinaci\u00f3n a Roma. No s\u00f3lo quer\u00eda tomar parte en el Jubileo de 1350, sino que deseaba tambi\u00e9n obtener del Papa la aprobaci\u00f3n de la Regla de una orden religiosa que quer\u00eda fundar, dedicada al Santo Salvador, y compuesta por monjes y monjas bajo la autoridad de la abadesa. Este es un elemento que no debe sorprendernos: en la Edad Media exist\u00edan fundaciones mon\u00e1sticas con na rama masculina y una rama femenina, pero con la pr\u00e1ctica de la misma regla mon\u00e1stica, que preve\u00eda la direcci\u00f3n de la Abadesa. De hecho, en la gran tradici\u00f3n cristiana, a la mujer se le reconoce una dignidad propia y \u2013 a ejemplo de Mar\u00eda, Reina de los Ap\u00f3stoles \u2013 un lugar propio en la Iglesia, que, sin coincidir con el sacerdocio ordenado, es tambi\u00e9n importante para el crecimiento espiritual de la Comunidad. Adem\u00e1s, la colaboraci\u00f3n de consagrados y consagradas, siempre en el respeto de su vocaci\u00f3n espec\u00edfica, reviste una gran importancia en el mundo de hoy.<\/em><\/p>\n<p><em>En Roma, en compa\u00f1\u00eda de su hija Karin, Br\u00edgida se dedic\u00f3 a una vida de intenso apostolado y de oraci\u00f3n. Y desde Roma se fue en peregrinaci\u00f3n a varios santuarios italianos, en particular a As\u00eds, patria de san Francisco, hacia el cual Br\u00edgida sinti\u00f3 siempre gran devoci\u00f3n. Finalmente, en 1371, coron\u00f3 su m\u00e1s grande deseo: el viaje a Tierra Santa, a donde se dirigi\u00f3 en compa\u00f1\u00eda de sus hijos espirituales, un grupo al que Br\u00edgida llamaba \u201clos amigos de Dios\u201d.<\/em><\/p>\n<p><em>Durante esos a\u00f1os, los pont\u00edfices se encontraban en Avi\u00f1\u00f3n, lejos de Roma: Br\u00edgida se dirigi\u00f3 encarecidamente a ellos, para que volviesen a la sede de Pedro, en la Ciudad Eterna.<\/em><\/p>\n<p><em>Muri\u00f3 en 1373, antes de que el Papa Gregorio XI volviese definitivamente a Roma. Fue sepultada provisionalmente en la iglesia romana de San Lorenzo en Panisperna, pero en 1374 sus hijos Birger y Karin la volvieron a llevar a su patria, al monasterio de Vadstena, sede de la Orden religiosa fundada por santa Br\u00edgida, que conoci\u00f3 en seguida una notable expansi\u00f3n. En 1391 el Papa Bonifacio IX la canoniz\u00f3 solemnemente.<\/em><\/p>\n<p><em>La santidad de Br\u00edgida, caracterizada por la multiplicidad de los dones y de las experiencias que he querido recordar en este breve perfil biogr\u00e1fico-espiritual, la hace una figura eminente en la historia de Europa. Procedente de Escandinavia, santa Br\u00edgida atestigua c\u00f3mo el cristianismo hab\u00eda permeado profundamente la vida de todos los pueblos de este Continente. Declar\u00e1ndola copatrona de Europa, el Papa Juan Pablo II augur\u00f3 que santa Br\u00edgida \u2013 vivida en el siglo XIV, cuando la cristiandad occidental a\u00fan no hab\u00eda sido herida por la divisi\u00f3n \u2013 pueda interceder eficazmente ante Dios, para obtener la gracia tan esperada de la plena unidad de todos los cristianos. Por esta misma intenci\u00f3n, que consideramos tan importante, y para que Europa sepa siempre alimentarse de sus propias ra\u00edces cristianas, queremos rezar, queridos hermanos y hermanas, invocando la poderosa intercesi\u00f3n de santa Br\u00edgida de Suecia, fiel disc\u00edpula de Dios, copatrona de Europa.<\/em><\/p>\n<!-- AddThis Advanced Settings generic via filter on the_content --><!-- AddThis Share Buttons generic via filter on the_content -->","protected":false},"excerpt":{"rendered":"<p>El 23 de julio la Iglesia celebra la conmemoraci\u00f3n lit\u00fargica de Santa Br\u00edgida de Suecia. En nuestra di\u00f3cesis, el Obispo la ha declarado patrona de [&hellip;]<!-- AddThis Advanced Settings generic via filter on get_the_excerpt --><!-- AddThis Share Buttons generic via filter on get_the_excerpt --><\/p>\n","protected":false},"author":2,"featured_media":6525,"comment_status":"open","ping_status":"open","sticky":false,"template":"","format":"standard","meta":{"footnotes":""},"categories":[5],"tags":[],"class_list":["post-6523","post","type-post","status-publish","format-standard","has-post-thumbnail","hentry","category-generales"],"_links":{"self":[{"href":"https:\/\/obispadodezaratecampana.org\/index.php?rest_route=\/wp\/v2\/posts\/6523","targetHints":{"allow":["GET"]}}],"collection":[{"href":"https:\/\/obispadodezaratecampana.org\/index.php?rest_route=\/wp\/v2\/posts"}],"about":[{"href":"https:\/\/obispadodezaratecampana.org\/index.php?rest_route=\/wp\/v2\/types\/post"}],"author":[{"embeddable":true,"href":"https:\/\/obispadodezaratecampana.org\/index.php?rest_route=\/wp\/v2\/users\/2"}],"replies":[{"embeddable":true,"href":"https:\/\/obispadodezaratecampana.org\/index.php?rest_route=%2Fwp%2Fv2%2Fcomments&post=6523"}],"version-history":[{"count":1,"href":"https:\/\/obispadodezaratecampana.org\/index.php?rest_route=\/wp\/v2\/posts\/6523\/revisions"}],"predecessor-version":[{"id":6526,"href":"https:\/\/obispadodezaratecampana.org\/index.php?rest_route=\/wp\/v2\/posts\/6523\/revisions\/6526"}],"wp:featuredmedia":[{"embeddable":true,"href":"https:\/\/obispadodezaratecampana.org\/index.php?rest_route=\/wp\/v2\/media\/6525"}],"wp:attachment":[{"href":"https:\/\/obispadodezaratecampana.org\/index.php?rest_route=%2Fwp%2Fv2%2Fmedia&parent=6523"}],"wp:term":[{"taxonomy":"category","embeddable":true,"href":"https:\/\/obispadodezaratecampana.org\/index.php?rest_route=%2Fwp%2Fv2%2Fcategories&post=6523"},{"taxonomy":"post_tag","embeddable":true,"href":"https:\/\/obispadodezaratecampana.org\/index.php?rest_route=%2Fwp%2Fv2%2Ftags&post=6523"}],"curies":[{"name":"wp","href":"https:\/\/api.w.org\/{rel}","templated":true}]}}