{"id":6521,"date":"2014-07-25T00:20:07","date_gmt":"2014-07-25T03:20:07","guid":{"rendered":"http:\/\/obispadodezaratecampana.org\/?p=6521"},"modified":"2014-07-25T00:35:27","modified_gmt":"2014-07-25T03:35:27","slug":"juan-pablo-ii-y-gianna-beretta-santos-patronos-del-encuentro-mundial-de-las-familias-2015","status":"publish","type":"post","link":"https:\/\/obispadodezaratecampana.org\/?p=6521","title":{"rendered":"Juan Pablo II y Gianna Beretta, santos patronos del Encuentro Mundial de las Familias 2015"},"content":{"rendered":"<p>El arzobispo de Filadelfia, Charles J. Chaput, ha anunciado oficialmente que san Juan Pablo II y santa Gianna ser\u00e1n los santos patrones para el Encuentro Mundial de las Familias, Filadelfia 2015. Lo comunic\u00f3 el pasado domingo 20 de julio durante la misa celebrada en la Catedral de San Pedro y San Pablo. El anuncio del arzobispo Chaput se realiz\u00f3 junto con la presentaci\u00f3n de la reliquia de de san Juan Pablo II para la veneraci\u00f3n p\u00fablica.<\/p>\n<p>\u201cSan Juan Pablo II y santa Gianna han sido elegidos como los dos dignos santos patronos, para guiar todo en la preparaci\u00f3n y participaci\u00f3n de este evento internacional, ya que ellos encarnan plenamente la historia, misi\u00f3n y tema del Encuentro Mundial de las Familias 2015\u201d, dijo el arzobispo Chaput. Asimismo indic\u00f3 que ambos &#8220;ten\u00edan un profundo y permanente compromiso con el fortalecimiento de la familia y la sosten\u00edan con amor. Este acontecimiento hist\u00f3rico dar\u00e1 a miles de personas de todo el mundo la oportunidad de participar en el mismo compromiso de nuestros santos patronos&#8221;.<\/p>\n<p>En 1979 san Juan Pablo II fue el primer papa en visitar Filadelfia, donde celebr\u00f3 la misa en Logan Circle con casi un mill\u00f3n de presentes. 15 a\u00f1os despu\u00e9s, en 1994, san Juan Pablo II celebr\u00f3 el primer Encuentro Mundial de las Familias, que tiene como objetivo fortalecer los lazos sagrados de la familia en todo el mundo. El d\u00eda de su canonizaci\u00f3n, Francisco dijo de \u00e9l que fue &#8220;el Papa de la familia&#8221;.<\/p>\n<p>Santa Gianna tambi\u00e9n fue elegida como santa patrona para el Encuentro Mundial de las Familias 2015, que, como ella, lleva el lema &#8220;El amor es nuestra misi\u00f3n: la familia plenamente viva&#8221;. Pediatra y madre de cuatro hijos, santa Gianna es mejor conocida por su amor desinteresado como madre, dando su vida por su cuarto hijo en 1962. Fue beatificada por Juan Pablo II en 1994 &#8211; a\u00f1o que se celebr\u00f3 el primer Encuentro Mundial de las Familias- y canonizada en 2004. Santa Gianna es patrona de las madres, los m\u00e9dicos y los ni\u00f1os no nacidos.<\/p>\n<p>Para conmemorar el anuncio de los patronos, el arzobispo Chaput concluy\u00f3 la misa con la bendici\u00f3n de una reliquia del Papa san Juan Pablo II pidiendo su intercesi\u00f3n celestial. La reliquia es la sangre del Santo Padre, que permanece en estado l\u00edquido. Los Caballeros de Col\u00f3n han confiado esta reliquia para fomentar la devoci\u00f3n al papa polaco.<\/p>\n<p>Miles de familias procedentes de todo el mundo se reunir\u00e1n del 22 al 27 de septiembre de 2015 en Filadelfia, EEUU, para el VIII Encuentro Mundial de la Familia. Un encuentro -tal y como explic\u00f3 el arzobispo en la presentaci\u00f3n del evento en el Vaticano el pasado mes de marzo- que quiere ser un don no solo para los cat\u00f3licos de Filadelfia, sino para todas las personas de buena voluntad que quieran acudir al evento. &#8220;Todo el que tenga un coraz\u00f3n generoso ser\u00e1 bienvenido, y en los meses futuros yo trabajar\u00e9 en estrecha colaboraci\u00f3n con mis hermanos en el episcopado, para animar a las familias de todo el mundo a venir a Filadelfia en el 2015&#8221;, afirm\u00f3.<\/p>\n<p>Fuente: es.catholic.net<\/p>\n<!-- AddThis Advanced Settings generic via filter on the_content --><!-- AddThis Share Buttons generic via filter on the_content -->","protected":false},"excerpt":{"rendered":"<p>El arzobispo de Filadelfia, Charles J. Chaput, ha anunciado oficialmente que san Juan Pablo II y santa Gianna ser\u00e1n los santos patrones para el Encuentro [&hellip;]<!-- AddThis Advanced Settings generic via filter on get_the_excerpt --><!-- AddThis Share Buttons generic via filter on get_the_excerpt --><\/p>\n","protected":false},"author":2,"featured_media":6527,"comment_status":"open","ping_status":"open","sticky":false,"template":"","format":"standard","meta":{"footnotes":""},"categories":[5],"tags":[],"class_list":["post-6521","post","type-post","status-publish","format-standard","has-post-thumbnail","hentry","category-generales"],"_links":{"self":[{"href":"https:\/\/obispadodezaratecampana.org\/index.php?rest_route=\/wp\/v2\/posts\/6521","targetHints":{"allow":["GET"]}}],"collection":[{"href":"https:\/\/obispadodezaratecampana.org\/index.php?rest_route=\/wp\/v2\/posts"}],"about":[{"href":"https:\/\/obispadodezaratecampana.org\/index.php?rest_route=\/wp\/v2\/types\/post"}],"author":[{"embeddable":true,"href":"https:\/\/obispadodezaratecampana.org\/index.php?rest_route=\/wp\/v2\/users\/2"}],"replies":[{"embeddable":true,"href":"https:\/\/obispadodezaratecampana.org\/index.php?rest_route=%2Fwp%2Fv2%2Fcomments&post=6521"}],"version-history":[{"count":1,"href":"https:\/\/obispadodezaratecampana.org\/index.php?rest_route=\/wp\/v2\/posts\/6521\/revisions"}],"predecessor-version":[{"id":6522,"href":"https:\/\/obispadodezaratecampana.org\/index.php?rest_route=\/wp\/v2\/posts\/6521\/revisions\/6522"}],"wp:featuredmedia":[{"embeddable":true,"href":"https:\/\/obispadodezaratecampana.org\/index.php?rest_route=\/wp\/v2\/media\/6527"}],"wp:attachment":[{"href":"https:\/\/obispadodezaratecampana.org\/index.php?rest_route=%2Fwp%2Fv2%2Fmedia&parent=6521"}],"wp:term":[{"taxonomy":"category","embeddable":true,"href":"https:\/\/obispadodezaratecampana.org\/index.php?rest_route=%2Fwp%2Fv2%2Fcategories&post=6521"},{"taxonomy":"post_tag","embeddable":true,"href":"https:\/\/obispadodezaratecampana.org\/index.php?rest_route=%2Fwp%2Fv2%2Ftags&post=6521"}],"curies":[{"name":"wp","href":"https:\/\/api.w.org\/{rel}","templated":true}]}}