{"id":6517,"date":"2014-07-25T00:14:51","date_gmt":"2014-07-25T03:14:51","guid":{"rendered":"http:\/\/obispadodezaratecampana.org\/?p=6517"},"modified":"2014-07-25T00:14:51","modified_gmt":"2014-07-25T03:14:51","slug":"26-de-julio-dia-de-los-abuelos-de-jesus","status":"publish","type":"post","link":"https:\/\/obispadodezaratecampana.org\/?p=6517","title":{"rendered":"26 de julio: D\u00eda de los abuelos de Jesus"},"content":{"rendered":"<p>El s\u00e1bado 26 de julio es la fiesta de los Santos Joaqu\u00edn y Ana, los padres de la Virgen Maria (abuelos de Jesus). Por tal motivo habr\u00e1 una misa especial a las 11:00 hs en la Catedral Santa Florentina, y todos los abuelos y abuelas recibir\u00e1n una bendici\u00f3n solemne, por lo que est\u00e1 especialmente invitados a asistir.<\/p>\n<p>Facebook de la Catedral:\u00a0<a title=\"catedral \" href=\"https:\/\/www.facebook.com\/catedralsantaflorentina\">https:\/\/www.facebook.com\/catedralsantaflorentina<\/a><\/p>\n<!-- AddThis Advanced Settings generic via filter on the_content --><!-- AddThis Share Buttons generic via filter on the_content -->","protected":false},"excerpt":{"rendered":"<p>El s\u00e1bado 26 de julio es la fiesta de los Santos Joaqu\u00edn y Ana, los padres de la Virgen Maria (abuelos de Jesus). Por tal [&hellip;]<!-- AddThis Advanced Settings generic via filter on get_the_excerpt --><!-- AddThis Share Buttons generic via filter on get_the_excerpt --><\/p>\n","protected":false},"author":2,"featured_media":6519,"comment_status":"open","ping_status":"open","sticky":false,"template":"","format":"standard","meta":{"footnotes":""},"categories":[3],"tags":[],"class_list":["post-6517","post","type-post","status-publish","format-standard","has-post-thumbnail","hentry","category-noticiasparroquiales"],"_links":{"self":[{"href":"https:\/\/obispadodezaratecampana.org\/index.php?rest_route=\/wp\/v2\/posts\/6517","targetHints":{"allow":["GET"]}}],"collection":[{"href":"https:\/\/obispadodezaratecampana.org\/index.php?rest_route=\/wp\/v2\/posts"}],"about":[{"href":"https:\/\/obispadodezaratecampana.org\/index.php?rest_route=\/wp\/v2\/types\/post"}],"author":[{"embeddable":true,"href":"https:\/\/obispadodezaratecampana.org\/index.php?rest_route=\/wp\/v2\/users\/2"}],"replies":[{"embeddable":true,"href":"https:\/\/obispadodezaratecampana.org\/index.php?rest_route=%2Fwp%2Fv2%2Fcomments&post=6517"}],"version-history":[{"count":1,"href":"https:\/\/obispadodezaratecampana.org\/index.php?rest_route=\/wp\/v2\/posts\/6517\/revisions"}],"predecessor-version":[{"id":6520,"href":"https:\/\/obispadodezaratecampana.org\/index.php?rest_route=\/wp\/v2\/posts\/6517\/revisions\/6520"}],"wp:featuredmedia":[{"embeddable":true,"href":"https:\/\/obispadodezaratecampana.org\/index.php?rest_route=\/wp\/v2\/media\/6519"}],"wp:attachment":[{"href":"https:\/\/obispadodezaratecampana.org\/index.php?rest_route=%2Fwp%2Fv2%2Fmedia&parent=6517"}],"wp:term":[{"taxonomy":"category","embeddable":true,"href":"https:\/\/obispadodezaratecampana.org\/index.php?rest_route=%2Fwp%2Fv2%2Fcategories&post=6517"},{"taxonomy":"post_tag","embeddable":true,"href":"https:\/\/obispadodezaratecampana.org\/index.php?rest_route=%2Fwp%2Fv2%2Ftags&post=6517"}],"curies":[{"name":"wp","href":"https:\/\/api.w.org\/{rel}","templated":true}]}}