{"id":6486,"date":"2014-07-22T20:34:38","date_gmt":"2014-07-22T23:34:38","guid":{"rendered":"http:\/\/obispadodezaratecampana.org\/?p=6486"},"modified":"2014-07-22T20:34:38","modified_gmt":"2014-07-22T23:34:38","slug":"nombramientos-en-el-consejo-pontificio-para-la-promocion-de-la-unidad-de-los-cristianos","status":"publish","type":"post","link":"https:\/\/obispadodezaratecampana.org\/?p=6486","title":{"rendered":"Nombramientos en el Consejo Pontificio para la Promoci\u00f3n de la Unidad de los Cristianos"},"content":{"rendered":"<p>Ciudad del Vaticano, 22 julio 2014 .- El Santo Padre ha nombrado miembros del Pontificio Consejo para la Promoci\u00f3n de la Unidad de los Cristianos, al arzobispo Carlos Jos\u00e9 \u00d1\u00e1\u00f1ez, de C\u00f3rdoba (Argentina); a los obispos Rodolfo Valenzuela N\u00fa\u00f1ez, de Vera Paz, Presidente de la Conferencia Episcopal (Guatemala) y Gerhard Feige, de Magdeburgo ( Alemania).<\/p>\n<p>Tambi\u00e9n ha nombrado consultores del Pontificio Consejo para la Promoci\u00f3n de la Unidad de los Cristianos,a los reverendos: Cristiano Bettega, Director de la Oficina Nacional para el Ecumenismo y el Di\u00e1logo Interreligioso de la Conferencia Episcopal Italiana; Hector Sherri, Presidente de la Comisi\u00f3n Teol\u00f3gica de Malta y de la Comisi\u00f3n Ecum\u00e9nica Diocesana (Malta); Michael Joeng Hun Shin, Responsable para el Ecumenismo en la Conferencia Episcopal de Corea; Fernando Rodr\u00edguez Garrapucho, Director del Centro de Estudios Orientales y Ecum\u00e9nicos Juan XXIII en la Universidad Pontificia de Salamanca (Espa\u00f1a); al padre Enzo Bianchi, prior del monasterio de Bose (Italia); a los padres: Franck Lemaitre, OP, Director del Servicio Nacional para la Unidad de los Cristianos de la Conferencia Episcopal Francesa; John Crossins, OSFS, Director Ejecutivo de la Secretar\u00eda para asuntos ecum\u00e9nicos e interreligiosos de la Conferencia Episcopal de los Estados Unidos de Am\u00e9rica; Jorge A. Scampini, OP, profesor de Ecumenismo en la Facultad de Teolog\u00eda de la Pontificia Universidad Cat\u00f3lica de Buenos Aires (Argentina); Milan Zust S. I. (Eslovenia), Profesor de la Facultad de Misionolog\u00eda en la Pontificia Universidad Gregoriana de Roma; a la reverenda sor Maria Ha Fong Ko, F.M.A. (Macao), profesora de Ex\u00e9gesis del Nuevo Testamento en la Facultad Pontificia de Ciencias de la Educaci\u00f3n Auxilium de Roma y en el Seminario del Esp\u00edritu Santo en Hong Kong.<\/p>\n<p>Fuente: www.news.va<\/p>\n<!-- AddThis Advanced Settings generic via filter on the_content --><!-- AddThis Share Buttons generic via filter on the_content -->","protected":false},"excerpt":{"rendered":"<p>Ciudad del Vaticano, 22 julio 2014 .- El Santo Padre ha nombrado miembros del Pontificio Consejo para la Promoci\u00f3n de la Unidad de los Cristianos, [&hellip;]<!-- AddThis Advanced Settings generic via filter on get_the_excerpt --><!-- AddThis Share Buttons generic via filter on get_the_excerpt --><\/p>\n","protected":false},"author":2,"featured_media":6487,"comment_status":"open","ping_status":"open","sticky":false,"template":"","format":"standard","meta":{"footnotes":""},"categories":[161],"tags":[],"class_list":["post-6486","post","type-post","status-publish","format-standard","has-post-thumbnail","hentry","category-el-papa-leonxiv"],"_links":{"self":[{"href":"https:\/\/obispadodezaratecampana.org\/index.php?rest_route=\/wp\/v2\/posts\/6486","targetHints":{"allow":["GET"]}}],"collection":[{"href":"https:\/\/obispadodezaratecampana.org\/index.php?rest_route=\/wp\/v2\/posts"}],"about":[{"href":"https:\/\/obispadodezaratecampana.org\/index.php?rest_route=\/wp\/v2\/types\/post"}],"author":[{"embeddable":true,"href":"https:\/\/obispadodezaratecampana.org\/index.php?rest_route=\/wp\/v2\/users\/2"}],"replies":[{"embeddable":true,"href":"https:\/\/obispadodezaratecampana.org\/index.php?rest_route=%2Fwp%2Fv2%2Fcomments&post=6486"}],"version-history":[{"count":1,"href":"https:\/\/obispadodezaratecampana.org\/index.php?rest_route=\/wp\/v2\/posts\/6486\/revisions"}],"predecessor-version":[{"id":6488,"href":"https:\/\/obispadodezaratecampana.org\/index.php?rest_route=\/wp\/v2\/posts\/6486\/revisions\/6488"}],"wp:featuredmedia":[{"embeddable":true,"href":"https:\/\/obispadodezaratecampana.org\/index.php?rest_route=\/wp\/v2\/media\/6487"}],"wp:attachment":[{"href":"https:\/\/obispadodezaratecampana.org\/index.php?rest_route=%2Fwp%2Fv2%2Fmedia&parent=6486"}],"wp:term":[{"taxonomy":"category","embeddable":true,"href":"https:\/\/obispadodezaratecampana.org\/index.php?rest_route=%2Fwp%2Fv2%2Fcategories&post=6486"},{"taxonomy":"post_tag","embeddable":true,"href":"https:\/\/obispadodezaratecampana.org\/index.php?rest_route=%2Fwp%2Fv2%2Ftags&post=6486"}],"curies":[{"name":"wp","href":"https:\/\/api.w.org\/{rel}","templated":true}]}}