{"id":6449,"date":"2014-07-22T10:58:40","date_gmt":"2014-07-22T13:58:40","guid":{"rendered":"http:\/\/obispadodezaratecampana.org\/?p=6449"},"modified":"2014-07-22T11:22:56","modified_gmt":"2014-07-22T14:22:56","slug":"6449","status":"publish","type":"post","link":"https:\/\/obispadodezaratecampana.org\/?p=6449","title":{"rendered":"Se prepara la VIII Misi\u00f3n Juvenil Diocesana &#8211; Maquinista Savio"},"content":{"rendered":"<p>Queridos j\u00f3venes de la di\u00f3cesis de Z\u00e1rate- Campana, les compartimos esta invitaci\u00f3n de la Pastoral Juvenil y Vocacional:<\/p>\n<p><em>J\u00f3venes y Comunidad de Zarate-Campana, Recuerden que los d\u00edas 3,4 y 5 de Octubre ser\u00e1 la VIII Misi\u00f3n Juvenil Diocesana. Hoy queremos presentarles a quien ser\u00e1 nuestra Patrona y los invitamos a acompa\u00f1arnos d\u00eda a d\u00eda con esta Oraci\u00f3n&#8230;<\/em><\/p>\n<p><img fetchpriority=\"high\" decoding=\"async\" class=\"aligncenter  wp-image-6450\" src=\"http:\/\/obispadodezaratecampana.org\/wp-content\/uploads\/2014\/07\/mision-300x300.jpg\" alt=\"mision\" width=\"482\" height=\"354\" \/><\/p>\n<p><a href=\"http:\/\/obispadodezaratecampana.org\/wp-content\/uploads\/2014\/07\/misionb.jpg\"><img decoding=\"async\" class=\"aligncenter  wp-image-6451\" src=\"http:\/\/obispadodezaratecampana.org\/wp-content\/uploads\/2014\/07\/misionb-300x300.jpg\" alt=\"misionb\" width=\"477\" height=\"348\" \/><\/a><\/p>\n<p>&nbsp;<\/p>\n<p>Este es el perfil de facebook de la pastoral para que lo visiten y consulten:<\/p>\n<p><a title=\"mision\" href=\"https:\/\/www.facebook.com\/pastoraljuvenil.zaratecampana?fref=ts\">https:\/\/www.facebook.com\/pastoraljuvenil.zaratecampana?fref=ts<\/a><\/p>\n<p><strong>Reuniones para preparar la VIII MJD<\/strong><\/p>\n<p>Numerosas son las personas, grupos, organizaciones, movimientos que colaboran y trabajan de diversas maneras para que las misiones juveniles puedan llevarse a cabo. Implican un gran esfuerzo, sacrificio y dedicaci\u00f3n mancomunados.<\/p>\n<p>Les mostramos algunas fotos de la<span style=\"color: #37404e;\">\u00a0Secretar\u00eda de Pastoral Juvenil que se reuni\u00f3 el domingo 20 de julio, con la comunidad de Maquinista Savio para comenzar a organizar la VIII Misi\u00f3n Juvenil Diocesana.\u00a0<\/span><\/p>\n<p><a href=\"http:\/\/obispadodezaratecampana.org\/wp-content\/uploads\/2014\/07\/savio.jpg\"><img decoding=\"async\" class=\"aligncenter size-medium wp-image-6452\" src=\"http:\/\/obispadodezaratecampana.org\/wp-content\/uploads\/2014\/07\/savio-300x300.jpg\" alt=\"savio\" width=\"300\" height=\"300\" srcset=\"https:\/\/obispadodezaratecampana.org\/wp-content\/uploads\/2014\/07\/savio-300x300.jpg 300w, https:\/\/obispadodezaratecampana.org\/wp-content\/uploads\/2014\/07\/savio-150x150.jpg 150w, https:\/\/obispadodezaratecampana.org\/wp-content\/uploads\/2014\/07\/savio.jpg 960w\" sizes=\"(max-width: 300px) 100vw, 300px\" \/><\/a><a href=\"http:\/\/obispadodezaratecampana.org\/wp-content\/uploads\/2014\/07\/saviob.jpg\"><img loading=\"lazy\" decoding=\"async\" class=\"aligncenter size-medium wp-image-6453\" src=\"http:\/\/obispadodezaratecampana.org\/wp-content\/uploads\/2014\/07\/saviob-300x225.jpg\" alt=\"saviob\" width=\"300\" height=\"225\" srcset=\"https:\/\/obispadodezaratecampana.org\/wp-content\/uploads\/2014\/07\/saviob-300x225.jpg 300w, https:\/\/obispadodezaratecampana.org\/wp-content\/uploads\/2014\/07\/saviob-1024x768.jpg 1024w, https:\/\/obispadodezaratecampana.org\/wp-content\/uploads\/2014\/07\/saviob.jpg 1280w\" sizes=\"(max-width: 300px) 100vw, 300px\" \/><\/a><a href=\"http:\/\/obispadodezaratecampana.org\/wp-content\/uploads\/2014\/07\/savioe.jpg\"><img loading=\"lazy\" decoding=\"async\" class=\"aligncenter size-medium wp-image-6455\" src=\"http:\/\/obispadodezaratecampana.org\/wp-content\/uploads\/2014\/07\/savioe-300x225.jpg\" alt=\"savioe\" width=\"300\" height=\"225\" srcset=\"https:\/\/obispadodezaratecampana.org\/wp-content\/uploads\/2014\/07\/savioe-300x225.jpg 300w, https:\/\/obispadodezaratecampana.org\/wp-content\/uploads\/2014\/07\/savioe-1024x768.jpg 1024w, https:\/\/obispadodezaratecampana.org\/wp-content\/uploads\/2014\/07\/savioe.jpg 1280w\" sizes=\"(max-width: 300px) 100vw, 300px\" \/><\/a><a href=\"http:\/\/obispadodezaratecampana.org\/wp-content\/uploads\/2014\/07\/saviof.jpg\"><img loading=\"lazy\" decoding=\"async\" class=\"aligncenter size-medium wp-image-6456\" src=\"http:\/\/obispadodezaratecampana.org\/wp-content\/uploads\/2014\/07\/saviof-300x225.jpg\" alt=\"saviof\" width=\"300\" height=\"225\" srcset=\"https:\/\/obispadodezaratecampana.org\/wp-content\/uploads\/2014\/07\/saviof-300x225.jpg 300w, https:\/\/obispadodezaratecampana.org\/wp-content\/uploads\/2014\/07\/saviof-1024x768.jpg 1024w, https:\/\/obispadodezaratecampana.org\/wp-content\/uploads\/2014\/07\/saviof.jpg 1280w\" sizes=\"(max-width: 300px) 100vw, 300px\" \/><\/a><a href=\"http:\/\/obispadodezaratecampana.org\/wp-content\/uploads\/2014\/07\/saviod.jpg\"><img loading=\"lazy\" decoding=\"async\" class=\"aligncenter size-medium wp-image-6454\" src=\"http:\/\/obispadodezaratecampana.org\/wp-content\/uploads\/2014\/07\/saviod-300x225.jpg\" alt=\"saviod\" width=\"300\" height=\"225\" srcset=\"https:\/\/obispadodezaratecampana.org\/wp-content\/uploads\/2014\/07\/saviod-300x225.jpg 300w, https:\/\/obispadodezaratecampana.org\/wp-content\/uploads\/2014\/07\/saviod-1024x768.jpg 1024w, https:\/\/obispadodezaratecampana.org\/wp-content\/uploads\/2014\/07\/saviod.jpg 1280w\" sizes=\"(max-width: 300px) 100vw, 300px\" \/><\/a><\/p>\n<!-- AddThis Advanced Settings generic via filter on the_content --><!-- AddThis Share Buttons generic via filter on the_content -->","protected":false},"excerpt":{"rendered":"<p>Queridos j\u00f3venes de la di\u00f3cesis de Z\u00e1rate- Campana, les compartimos esta invitaci\u00f3n de la Pastoral Juvenil y Vocacional: J\u00f3venes y Comunidad de Zarate-Campana, Recuerden que [&hellip;]<!-- AddThis Advanced Settings generic via filter on get_the_excerpt --><!-- AddThis Share Buttons generic via filter on get_the_excerpt --><\/p>\n","protected":false},"author":2,"featured_media":6451,"comment_status":"open","ping_status":"open","sticky":false,"template":"","format":"standard","meta":{"footnotes":""},"categories":[1],"tags":[],"class_list":["post-6449","post","type-post","status-publish","format-standard","has-post-thumbnail","hentry","category-noticiasdiocesanas"],"_links":{"self":[{"href":"https:\/\/obispadodezaratecampana.org\/index.php?rest_route=\/wp\/v2\/posts\/6449","targetHints":{"allow":["GET"]}}],"collection":[{"href":"https:\/\/obispadodezaratecampana.org\/index.php?rest_route=\/wp\/v2\/posts"}],"about":[{"href":"https:\/\/obispadodezaratecampana.org\/index.php?rest_route=\/wp\/v2\/types\/post"}],"author":[{"embeddable":true,"href":"https:\/\/obispadodezaratecampana.org\/index.php?rest_route=\/wp\/v2\/users\/2"}],"replies":[{"embeddable":true,"href":"https:\/\/obispadodezaratecampana.org\/index.php?rest_route=%2Fwp%2Fv2%2Fcomments&post=6449"}],"version-history":[{"count":4,"href":"https:\/\/obispadodezaratecampana.org\/index.php?rest_route=\/wp\/v2\/posts\/6449\/revisions"}],"predecessor-version":[{"id":6460,"href":"https:\/\/obispadodezaratecampana.org\/index.php?rest_route=\/wp\/v2\/posts\/6449\/revisions\/6460"}],"wp:featuredmedia":[{"embeddable":true,"href":"https:\/\/obispadodezaratecampana.org\/index.php?rest_route=\/wp\/v2\/media\/6451"}],"wp:attachment":[{"href":"https:\/\/obispadodezaratecampana.org\/index.php?rest_route=%2Fwp%2Fv2%2Fmedia&parent=6449"}],"wp:term":[{"taxonomy":"category","embeddable":true,"href":"https:\/\/obispadodezaratecampana.org\/index.php?rest_route=%2Fwp%2Fv2%2Fcategories&post=6449"},{"taxonomy":"post_tag","embeddable":true,"href":"https:\/\/obispadodezaratecampana.org\/index.php?rest_route=%2Fwp%2Fv2%2Ftags&post=6449"}],"curies":[{"name":"wp","href":"https:\/\/api.w.org\/{rel}","templated":true}]}}