{"id":6446,"date":"2014-07-22T10:34:01","date_gmt":"2014-07-22T13:34:01","guid":{"rendered":"http:\/\/obispadodezaratecampana.org\/?p=6446"},"modified":"2014-07-22T10:34:01","modified_gmt":"2014-07-22T13:34:01","slug":"miercoles-23-de-julio-santa-brigida-de-suecia","status":"publish","type":"post","link":"https:\/\/obispadodezaratecampana.org\/?p=6446","title":{"rendered":"Mi\u00e9rcoles 23 de julio: Santa Br\u00edgida de Suecia"},"content":{"rendered":"<p>&nbsp;<\/p>\n<p>&nbsp;<\/p>\n<p><a href=\"http:\/\/obispadodezaratecampana.org\/wp-content\/uploads\/2014\/07\/10429851_744520395605941_2282225506060355569_n.jpg\"><img decoding=\"async\" class=\"aligncenter  wp-image-6447\" src=\"http:\/\/obispadodezaratecampana.org\/wp-content\/uploads\/2014\/07\/10429851_744520395605941_2282225506060355569_n.jpg\" alt=\"10429851_744520395605941_2282225506060355569_n\" width=\"207\" height=\"176\" \/><\/a><\/p>\n<p>&nbsp;<\/p>\n<p>El mi\u00e9rcoles 23 de julio, es la fiesta de Santa Br\u00edgida de Suecia. Esta Santa es la Patrona diocesana de la piedad ecum\u00e9nica y el di\u00e1logo interreligioso.<\/p>\n<p>La celebraci\u00f3n especial se llevar\u00e1 a cabo a las 19: 00 hs \u00a0(el mismo mi\u00e9rcoles 23 de julio) en la Catedral Santa Florentina de Campana.<\/p>\n<p>Los socios de los amigos de Santa Br\u00edgida deber\u00e1n llevar sus insignias propias.<\/p>\n<p>&nbsp;<\/p>\n<p>&nbsp;<\/p>\n<!-- AddThis Advanced Settings generic via filter on the_content --><!-- AddThis Share Buttons generic via filter on the_content -->","protected":false},"excerpt":{"rendered":"<p>&nbsp; &nbsp; &nbsp; El mi\u00e9rcoles 23 de julio, es la fiesta de Santa Br\u00edgida de Suecia. Esta Santa es la Patrona diocesana de la piedad [&hellip;]<!-- AddThis Advanced Settings generic via filter on get_the_excerpt --><!-- AddThis Share Buttons generic via filter on get_the_excerpt --><\/p>\n","protected":false},"author":2,"featured_media":6447,"comment_status":"open","ping_status":"open","sticky":false,"template":"","format":"standard","meta":{"footnotes":""},"categories":[3],"tags":[],"class_list":["post-6446","post","type-post","status-publish","format-standard","has-post-thumbnail","hentry","category-noticiasparroquiales"],"_links":{"self":[{"href":"https:\/\/obispadodezaratecampana.org\/index.php?rest_route=\/wp\/v2\/posts\/6446","targetHints":{"allow":["GET"]}}],"collection":[{"href":"https:\/\/obispadodezaratecampana.org\/index.php?rest_route=\/wp\/v2\/posts"}],"about":[{"href":"https:\/\/obispadodezaratecampana.org\/index.php?rest_route=\/wp\/v2\/types\/post"}],"author":[{"embeddable":true,"href":"https:\/\/obispadodezaratecampana.org\/index.php?rest_route=\/wp\/v2\/users\/2"}],"replies":[{"embeddable":true,"href":"https:\/\/obispadodezaratecampana.org\/index.php?rest_route=%2Fwp%2Fv2%2Fcomments&post=6446"}],"version-history":[{"count":1,"href":"https:\/\/obispadodezaratecampana.org\/index.php?rest_route=\/wp\/v2\/posts\/6446\/revisions"}],"predecessor-version":[{"id":6448,"href":"https:\/\/obispadodezaratecampana.org\/index.php?rest_route=\/wp\/v2\/posts\/6446\/revisions\/6448"}],"wp:featuredmedia":[{"embeddable":true,"href":"https:\/\/obispadodezaratecampana.org\/index.php?rest_route=\/wp\/v2\/media\/6447"}],"wp:attachment":[{"href":"https:\/\/obispadodezaratecampana.org\/index.php?rest_route=%2Fwp%2Fv2%2Fmedia&parent=6446"}],"wp:term":[{"taxonomy":"category","embeddable":true,"href":"https:\/\/obispadodezaratecampana.org\/index.php?rest_route=%2Fwp%2Fv2%2Fcategories&post=6446"},{"taxonomy":"post_tag","embeddable":true,"href":"https:\/\/obispadodezaratecampana.org\/index.php?rest_route=%2Fwp%2Fv2%2Ftags&post=6446"}],"curies":[{"name":"wp","href":"https:\/\/api.w.org\/{rel}","templated":true}]}}