{"id":6430,"date":"2014-07-20T12:57:38","date_gmt":"2014-07-20T15:57:38","guid":{"rendered":"http:\/\/obispadodezaratecampana.org\/?p=6430"},"modified":"2014-07-20T13:36:06","modified_gmt":"2014-07-20T16:36:06","slug":"el-papa-llama-por-telefono-a-shimon-peres-y-mahmud-abbas-cese-de-hostilidades-y-tregua","status":"publish","type":"post","link":"https:\/\/obispadodezaratecampana.org\/?p=6430","title":{"rendered":"EL PAPA LLAMA POR TELEFONO A SHIMON PERES Y MAHMUD ABBAS: CESE DE HOSTILIDADES Y TREGUA"},"content":{"rendered":"<p>Ciudad del Vaticano, 18 julio 2014 .-El Santo Padre Tras el fuerte llamamiento lanzado el pasado domingo para seguir rezando por la paz en Tierra Santa, ha telefoneado personalmente en la ma\u00f1ana del viernes 18 de julio a los presidentes de Israel y de Palestina, Shimon Peres y al Presidente Mahmud Abbas, compartiendo sus grav\u00edsimas preocupaciones por la situaci\u00f3n actual de conflicto que toca de forma particular a la Franja de Gaza y que, en un clima creciente de hostilidad, odio y sufrimiento para los dos pueblos, est\u00e1 sembrando numeros\u00edsimas v\u00edctimas y dando lugar a una situaci\u00f3n de grave emergencia humanitaria.<\/p>\n<p>Como ya hizo durante su reciente peregrinaci\u00f3n a Tierra Santa y en ocasi\u00f3n de la invocaci\u00f3n por la paz del pasado 8 de junio, el Santo Padre ha asegurado su oraci\u00f3n incesante y la de la toda la Iglesia por la paz en Tierra Santa y ha compartido con sus interlocutores, a los que considera hombres de paz y que desean la paz, la necesidad de seguir rezando y esforz\u00e1ndose para conseguir que todas las partes interesadas y todos los que tienen responsabilidades pol\u00edticas en \u00e1mbito local e internacional se comprometan al cese de toda hostilidad y act\u00faen en favor de una tregua, de la paz y de la reconciliaci\u00f3n de los corazones.<\/p>\n<p><i>Fuente: www.news.va<\/i><\/p>\n<!-- AddThis Advanced Settings generic via filter on the_content --><!-- AddThis Share Buttons generic via filter on the_content -->","protected":false},"excerpt":{"rendered":"<p>Ciudad del Vaticano, 18 julio 2014 .-El Santo Padre Tras el fuerte llamamiento lanzado el pasado domingo para seguir rezando por la paz en Tierra [&hellip;]<!-- AddThis Advanced Settings generic via filter on get_the_excerpt --><!-- AddThis Share Buttons generic via filter on get_the_excerpt --><\/p>\n","protected":false},"author":2,"featured_media":6441,"comment_status":"open","ping_status":"open","sticky":false,"template":"","format":"standard","meta":{"footnotes":""},"categories":[161],"tags":[],"class_list":["post-6430","post","type-post","status-publish","format-standard","has-post-thumbnail","hentry","category-el-papa-leonxiv"],"_links":{"self":[{"href":"https:\/\/obispadodezaratecampana.org\/index.php?rest_route=\/wp\/v2\/posts\/6430","targetHints":{"allow":["GET"]}}],"collection":[{"href":"https:\/\/obispadodezaratecampana.org\/index.php?rest_route=\/wp\/v2\/posts"}],"about":[{"href":"https:\/\/obispadodezaratecampana.org\/index.php?rest_route=\/wp\/v2\/types\/post"}],"author":[{"embeddable":true,"href":"https:\/\/obispadodezaratecampana.org\/index.php?rest_route=\/wp\/v2\/users\/2"}],"replies":[{"embeddable":true,"href":"https:\/\/obispadodezaratecampana.org\/index.php?rest_route=%2Fwp%2Fv2%2Fcomments&post=6430"}],"version-history":[{"count":1,"href":"https:\/\/obispadodezaratecampana.org\/index.php?rest_route=\/wp\/v2\/posts\/6430\/revisions"}],"predecessor-version":[{"id":6431,"href":"https:\/\/obispadodezaratecampana.org\/index.php?rest_route=\/wp\/v2\/posts\/6430\/revisions\/6431"}],"wp:featuredmedia":[{"embeddable":true,"href":"https:\/\/obispadodezaratecampana.org\/index.php?rest_route=\/wp\/v2\/media\/6441"}],"wp:attachment":[{"href":"https:\/\/obispadodezaratecampana.org\/index.php?rest_route=%2Fwp%2Fv2%2Fmedia&parent=6430"}],"wp:term":[{"taxonomy":"category","embeddable":true,"href":"https:\/\/obispadodezaratecampana.org\/index.php?rest_route=%2Fwp%2Fv2%2Fcategories&post=6430"},{"taxonomy":"post_tag","embeddable":true,"href":"https:\/\/obispadodezaratecampana.org\/index.php?rest_route=%2Fwp%2Fv2%2Ftags&post=6430"}],"curies":[{"name":"wp","href":"https:\/\/api.w.org\/{rel}","templated":true}]}}