{"id":6383,"date":"2014-07-10T17:01:14","date_gmt":"2014-07-10T20:01:14","guid":{"rendered":"http:\/\/obispadodezaratecampana.org\/?p=6383"},"modified":"2014-07-10T17:01:14","modified_gmt":"2014-07-10T20:01:14","slug":"profesorado-de-ingles-nueva-carrera-en-campana","status":"publish","type":"post","link":"https:\/\/obispadodezaratecampana.org\/?p=6383","title":{"rendered":"PROFESORADO DE INGLES : Nueva Carrera en Campana"},"content":{"rendered":"<p>El Instituto Superior de Formaci\u00f3n Docente San Pedro y San Pablo informa que:<br \/>\nSe encuentra abierta la Inscripci\u00f3n para el Curso de Formaci\u00f3n B\u00e1sica \u2013 CUFOBA- para el Profesorado de Ingles, que dar\u00e1 inicio en agosto 2014.<br \/>\nPara comenzar en el 2015 con el Profesorado de Ingl\u00e9s, se debe realizar obligatoriamente el CUFOBA (es el curso introductorio) que se cursar\u00e1 una vez por semana, los jueves de 18:30 a 20: 30 hs en el Colegio Santo Tom\u00e1s de Aquino (Calle Per\u00f3n 313 &#8211; Campana) .<br \/>\nPara consultas de aranceles e informes del CUFOBA, remitirlas por e-mail a: ingresosalumnos@gmail.com<\/p>\n<p>Facebook del Instituto (actualmente funcionan el Profesorado en Filosof\u00eda y Profesorado en Cs. Sagradas) :\u00a0<a title=\"pedro y pablo \" href=\"https:\/\/www.facebook.com\/isfdyt.sanpedroysanpablo\">https:\/\/www.facebook.com\/isfdyt.sanpedroysanpablo<\/a><\/p>\n<!-- AddThis Advanced Settings generic via filter on the_content --><!-- AddThis Share Buttons generic via filter on the_content -->","protected":false},"excerpt":{"rendered":"<p>El Instituto Superior de Formaci\u00f3n Docente San Pedro y San Pablo informa que: Se encuentra abierta la Inscripci\u00f3n para el Curso de Formaci\u00f3n B\u00e1sica \u2013 [&hellip;]<!-- AddThis Advanced Settings generic via filter on get_the_excerpt --><!-- AddThis Share Buttons generic via filter on get_the_excerpt --><\/p>\n","protected":false},"author":2,"featured_media":6384,"comment_status":"open","ping_status":"open","sticky":false,"template":"","format":"standard","meta":{"footnotes":""},"categories":[1],"tags":[],"class_list":["post-6383","post","type-post","status-publish","format-standard","has-post-thumbnail","hentry","category-noticiasdiocesanas"],"_links":{"self":[{"href":"https:\/\/obispadodezaratecampana.org\/index.php?rest_route=\/wp\/v2\/posts\/6383","targetHints":{"allow":["GET"]}}],"collection":[{"href":"https:\/\/obispadodezaratecampana.org\/index.php?rest_route=\/wp\/v2\/posts"}],"about":[{"href":"https:\/\/obispadodezaratecampana.org\/index.php?rest_route=\/wp\/v2\/types\/post"}],"author":[{"embeddable":true,"href":"https:\/\/obispadodezaratecampana.org\/index.php?rest_route=\/wp\/v2\/users\/2"}],"replies":[{"embeddable":true,"href":"https:\/\/obispadodezaratecampana.org\/index.php?rest_route=%2Fwp%2Fv2%2Fcomments&post=6383"}],"version-history":[{"count":1,"href":"https:\/\/obispadodezaratecampana.org\/index.php?rest_route=\/wp\/v2\/posts\/6383\/revisions"}],"predecessor-version":[{"id":6385,"href":"https:\/\/obispadodezaratecampana.org\/index.php?rest_route=\/wp\/v2\/posts\/6383\/revisions\/6385"}],"wp:featuredmedia":[{"embeddable":true,"href":"https:\/\/obispadodezaratecampana.org\/index.php?rest_route=\/wp\/v2\/media\/6384"}],"wp:attachment":[{"href":"https:\/\/obispadodezaratecampana.org\/index.php?rest_route=%2Fwp%2Fv2%2Fmedia&parent=6383"}],"wp:term":[{"taxonomy":"category","embeddable":true,"href":"https:\/\/obispadodezaratecampana.org\/index.php?rest_route=%2Fwp%2Fv2%2Fcategories&post=6383"},{"taxonomy":"post_tag","embeddable":true,"href":"https:\/\/obispadodezaratecampana.org\/index.php?rest_route=%2Fwp%2Fv2%2Ftags&post=6383"}],"curies":[{"name":"wp","href":"https:\/\/api.w.org\/{rel}","templated":true}]}}