{"id":6338,"date":"2014-07-09T09:51:31","date_gmt":"2014-07-09T12:51:31","guid":{"rendered":"http:\/\/obispadodezaratecampana.org\/?p=6338"},"modified":"2014-07-09T10:16:39","modified_gmt":"2014-07-09T13:16:39","slug":"francisco-en-el-angelus-jesus-nos-invita-a-seguirlo","status":"publish","type":"post","link":"https:\/\/obispadodezaratecampana.org\/?p=6338","title":{"rendered":"FRANCISCO EN EL \u00c1NGELUS: JES\u00daS NOS INVITA A SEGUIRLO"},"content":{"rendered":"<p>Ciudad del Vaticano, 6 julio 2014 (VIS).- &#8221;Jes\u00fas nos invita diciendo: Venid a mi todos los que est\u00e9is cansados y agobiados, y yo os dar\u00e9 descanso -dijo el Papa en la ma\u00f1ana del domingo 6 de julio, \u00a0al asomarse a la ventana de su estudio para rezar el \u00c1ngelus con los fieles reunidos en la Plaza de San Pedro-. &#8221;Las palabras de Jes\u00fas dan siempre esperanza -continu\u00f3-. Esta invitaci\u00f3n de Jes\u00fas se extiende hasta nuestros d\u00edas, para llegar a los muchos hermanos y hermanas oprimidos por una vida precaria, por situaciones existenciales dif\u00edciles y, a veces privadas de aut\u00e9nticos puntos de referencia&#8221;.<\/p>\n<p>&#8221;En los pa\u00edses m\u00e1s pobres, y tambi\u00e9n en las periferias de los pa\u00edses m\u00e1s ricos, hay muchas personas desamparadas y dispersas bajo el peso insoportable del abandono y de la indiferencia. La indiferencia humana hace mucho da\u00f1o a los necesitados. Y lo peor es la indiferencia de los cristianos. Al margen de la sociedad hay muchos hombres y mujeres probados por la pobreza, y por una vida de insatisfacci\u00f3n y frustraci\u00f3n. Muchos se ven obligados a emigrar de su patria, arriesgando incluso su propia vida. Otros cada d\u00eda llevan el peso de un sistema econ\u00f3mico que explota al hombre, impone un &#8221;yugo&#8221; insoportable, que unos pocos privilegiados no quieren cargar. A cada uno de estos hijos del Padre que est\u00e1 en los cielos, Jes\u00fas les dice: Venid a m\u00ed, todos&#8221;.<\/p>\n<p>Francisco record\u00f3 que la invitaci\u00f3n tambi\u00e9n se dirige a los que poseen todo, pero cuyo coraz\u00f3n est\u00e1 vac\u00edo y sin Dios. &#8221;La llamada de Jes\u00fas es para todos -destac\u00f3- pero de manera especial para los que m\u00e1s sufren. Jes\u00fas promete dar descanso a todos, pero nos hace una invitaci\u00f3n, que es un mandamiento: &#8220;Cargad con mi yugo y aprended de m\u00ed, pues yo soy apacible y humilde de coraz\u00f3n. El &#8220;yugo&#8221; del Se\u00f1or es cargar el peso del otro con amor fraternal. Una vez recibido el descanso y la comodidad de Cristo, estamos llamados a su vez a convertirnos en descanso y confort para los hermanos, con una actitud mansa y humilde, imitando al Maestro. La mansedumbre y la humildad de coraz\u00f3n nos ayudan no solo a soportar el peso de los otros, sino a no imponernos sobre ellos con nuestros propios puntos de vista personales, nuestras opiniones, nuestras cr\u00edticas o nuestra indiferencia&#8221;.<\/p>\n<p>Antes de finalizar el Papa salud\u00f3 a los fieles y record\u00f3 el centenario de la muerte del Papa san P\u00edo X y tambi\u00e9n dedic\u00f3 unas palabras a los habitantes de Molise para agradecerles la calurosa acogida que le ofrecieron el s\u00e1bado 5 de julio.<\/p>\n<!-- AddThis Advanced Settings generic via filter on the_content --><!-- AddThis Share Buttons generic via filter on the_content -->","protected":false},"excerpt":{"rendered":"<p>Ciudad del Vaticano, 6 julio 2014 (VIS).- &#8221;Jes\u00fas nos invita diciendo: Venid a mi todos los que est\u00e9is cansados y agobiados, y yo os dar\u00e9 [&hellip;]<!-- AddThis Advanced Settings generic via filter on get_the_excerpt --><!-- AddThis Share Buttons generic via filter on get_the_excerpt --><\/p>\n","protected":false},"author":2,"featured_media":6343,"comment_status":"open","ping_status":"open","sticky":false,"template":"","format":"standard","meta":{"footnotes":""},"categories":[161],"tags":[],"class_list":["post-6338","post","type-post","status-publish","format-standard","has-post-thumbnail","hentry","category-el-papa-leonxiv"],"_links":{"self":[{"href":"https:\/\/obispadodezaratecampana.org\/index.php?rest_route=\/wp\/v2\/posts\/6338","targetHints":{"allow":["GET"]}}],"collection":[{"href":"https:\/\/obispadodezaratecampana.org\/index.php?rest_route=\/wp\/v2\/posts"}],"about":[{"href":"https:\/\/obispadodezaratecampana.org\/index.php?rest_route=\/wp\/v2\/types\/post"}],"author":[{"embeddable":true,"href":"https:\/\/obispadodezaratecampana.org\/index.php?rest_route=\/wp\/v2\/users\/2"}],"replies":[{"embeddable":true,"href":"https:\/\/obispadodezaratecampana.org\/index.php?rest_route=%2Fwp%2Fv2%2Fcomments&post=6338"}],"version-history":[{"count":1,"href":"https:\/\/obispadodezaratecampana.org\/index.php?rest_route=\/wp\/v2\/posts\/6338\/revisions"}],"predecessor-version":[{"id":6339,"href":"https:\/\/obispadodezaratecampana.org\/index.php?rest_route=\/wp\/v2\/posts\/6338\/revisions\/6339"}],"wp:featuredmedia":[{"embeddable":true,"href":"https:\/\/obispadodezaratecampana.org\/index.php?rest_route=\/wp\/v2\/media\/6343"}],"wp:attachment":[{"href":"https:\/\/obispadodezaratecampana.org\/index.php?rest_route=%2Fwp%2Fv2%2Fmedia&parent=6338"}],"wp:term":[{"taxonomy":"category","embeddable":true,"href":"https:\/\/obispadodezaratecampana.org\/index.php?rest_route=%2Fwp%2Fv2%2Fcategories&post=6338"},{"taxonomy":"post_tag","embeddable":true,"href":"https:\/\/obispadodezaratecampana.org\/index.php?rest_route=%2Fwp%2Fv2%2Ftags&post=6338"}],"curies":[{"name":"wp","href":"https:\/\/api.w.org\/{rel}","templated":true}]}}