{"id":6332,"date":"2014-07-05T09:54:24","date_gmt":"2014-07-05T12:54:24","guid":{"rendered":"http:\/\/obispadodezaratecampana.org\/?p=6332"},"modified":"2014-07-05T10:01:59","modified_gmt":"2014-07-05T13:01:59","slug":"francisco-el-testimonio-de-la-caridad-es-la-via-maestra-de-la-evangelizacion","status":"publish","type":"post","link":"https:\/\/obispadodezaratecampana.org\/?p=6332","title":{"rendered":"Francisco: &#8221; El testimonio de la caridad es la v\u00eda maestra de la evangelizaci\u00f3n\u201d"},"content":{"rendered":"<p>S\u00e1bado 5 de julio. En la misa con las oraciones a la Virgen de la \u201cLibera\u201d, patrona del lugar -en la que se pide a Dios que ha mandado a su Hijo como liberador del g\u00e9nero humano, nos conceda, por intercesi\u00f3n de Mar\u00eda, custodiar el don de la libertad filial, adquirido por el sacrificio de la cruz-, Francisco, expres\u00f3 que \u201cla sabidur\u00eda divina libera del mal y de la opresi\u00f3n a los que se ponen al servicio del Se\u00f1or. De hecho Dios no es neutral, est\u00e1 de parte de las personas m\u00e1s fr\u00e1giles, discriminadas y oprimidas que se abandonan confiadas a \u00c9l\u201d.<br \/>\nLa Iglesia es un Pueblo que sirve a Dios y que vive de la libertad donada por Dios. El servicio a Dios se realiza en la oraci\u00f3n, la adoraci\u00f3n, el anuncio del evangelio y testimonio de la caridad. Y el icono de la Iglesia es el de la Virgen Mar\u00eda que despu\u00e9s del anuncio del \u00e1ngel parte con prisa a servir a su prima anciana. El Papa dijo que de esto la Iglesia aprende a ser cada d\u00eda sierva de Dios asistiendo r\u00e1pidamente a los que tienen necesidad.\u201cTodos estamos llamados a vivir el servicio de la caridad en la realidad ordinaria, la caridad de todos los d\u00edas. El testimonio de la caridad es la v\u00eda maestra de la evangelizaci\u00f3n\u201d expres\u00f3.<br \/>\nEl Obispo de Roma anim\u00f3 a todos a perseverar en este camino, sirviendo a Dios en el servicio a los hermanos y difundiendo por todas partes la cultura de la solidaridad. Tenemos tanta necesidad de esto frente a tantas necesidades materiales y espirituales, sobre todo frente a la plaga de la desocupaci\u00f3n que necesita tanto esfuerzo y coraje de parte de todos.<br \/>\nEs necesario poner la dignidad de la persona humana al centro de toda prospectiva y de toda acci\u00f3n. Los otros intereses \u2013aunque sean leg\u00edtimos- son secundarios afirm\u00f3 el Papa.<br \/>\nPor esto la Iglesia es el pueblo que experimenta la liberaci\u00f3n del Se\u00f1or y vive en esta libertad que \u00e9l le dona \u2013explic\u00f3 Francisco. \u201cLa libertad, sobre todo, del pecado, del ego\u00edsmo en todas sus formas. \u201cLa libertad de entregarse y de hacerlo con alegr\u00eda, como la Virgen de Nazaret, que es libre de s\u00ed misma, no se repliega sobre su condici\u00f3n, sino que piensa en aquel que en ese momento tiene m\u00e1s necesidad\u201d.<\/p>\n<p>Fuente: www.news.va<\/p>\n<!-- AddThis Advanced Settings generic via filter on the_content --><!-- AddThis Share Buttons generic via filter on the_content -->","protected":false},"excerpt":{"rendered":"<p>S\u00e1bado 5 de julio. En la misa con las oraciones a la Virgen de la \u201cLibera\u201d, patrona del lugar -en la que se pide a [&hellip;]<!-- AddThis Advanced Settings generic via filter on get_the_excerpt --><!-- AddThis Share Buttons generic via filter on get_the_excerpt --><\/p>\n","protected":false},"author":2,"featured_media":6334,"comment_status":"open","ping_status":"open","sticky":false,"template":"","format":"standard","meta":{"footnotes":""},"categories":[161],"tags":[],"class_list":["post-6332","post","type-post","status-publish","format-standard","has-post-thumbnail","hentry","category-el-papa-leonxiv"],"_links":{"self":[{"href":"https:\/\/obispadodezaratecampana.org\/index.php?rest_route=\/wp\/v2\/posts\/6332","targetHints":{"allow":["GET"]}}],"collection":[{"href":"https:\/\/obispadodezaratecampana.org\/index.php?rest_route=\/wp\/v2\/posts"}],"about":[{"href":"https:\/\/obispadodezaratecampana.org\/index.php?rest_route=\/wp\/v2\/types\/post"}],"author":[{"embeddable":true,"href":"https:\/\/obispadodezaratecampana.org\/index.php?rest_route=\/wp\/v2\/users\/2"}],"replies":[{"embeddable":true,"href":"https:\/\/obispadodezaratecampana.org\/index.php?rest_route=%2Fwp%2Fv2%2Fcomments&post=6332"}],"version-history":[{"count":1,"href":"https:\/\/obispadodezaratecampana.org\/index.php?rest_route=\/wp\/v2\/posts\/6332\/revisions"}],"predecessor-version":[{"id":6333,"href":"https:\/\/obispadodezaratecampana.org\/index.php?rest_route=\/wp\/v2\/posts\/6332\/revisions\/6333"}],"wp:featuredmedia":[{"embeddable":true,"href":"https:\/\/obispadodezaratecampana.org\/index.php?rest_route=\/wp\/v2\/media\/6334"}],"wp:attachment":[{"href":"https:\/\/obispadodezaratecampana.org\/index.php?rest_route=%2Fwp%2Fv2%2Fmedia&parent=6332"}],"wp:term":[{"taxonomy":"category","embeddable":true,"href":"https:\/\/obispadodezaratecampana.org\/index.php?rest_route=%2Fwp%2Fv2%2Fcategories&post=6332"},{"taxonomy":"post_tag","embeddable":true,"href":"https:\/\/obispadodezaratecampana.org\/index.php?rest_route=%2Fwp%2Fv2%2Ftags&post=6332"}],"curies":[{"name":"wp","href":"https:\/\/api.w.org\/{rel}","templated":true}]}}