{"id":6231,"date":"2014-07-01T17:12:46","date_gmt":"2014-07-01T20:12:46","guid":{"rendered":"http:\/\/obispadodezaratecampana.org\/?p=6231"},"modified":"2014-07-01T17:18:28","modified_gmt":"2014-07-01T20:18:28","slug":"jornada-de-reflexion-y-capacitacion-educacion-tecnica-y-desarrollo","status":"publish","type":"post","link":"https:\/\/obispadodezaratecampana.org\/?p=6231","title":{"rendered":"Jornada de Reflexi\u00f3n y Capacitaci\u00f3n: Educaci\u00f3n, T\u00e9cnica y Desarrollo"},"content":{"rendered":"<p><span style=\"color: #37404e;\">El jueves 27 de junio se realizo la Jornada de Reflexi\u00f3n y Capacitaci\u00f3n &#8220;Educaci\u00f3n , T\u00e9cnica y Desarrollo&#8221; para equipos Directivos y de conducci\u00f3n de escuelas diocesanas. La misma fue organizada por la Vicaria para la Educaci\u00f3n. Obispado Z\u00e1<\/span><span class=\"text_exposed_show\" style=\"color: #37404e;\">rate Campana.<\/span><\/p>\n<p><span class=\"text_exposed_show\" style=\"color: #37404e;\">Compartimos a continuaci\u00f3n el detalle de lo acontencido y algunas fotos de este encuentro.<\/span><\/p>\n<p><strong>JORNADA DE REFLEXI\u00d3N Y CAPACITACI\u00d3N : EDUCACI\u00d3N, \u00c9TICA Y DESARROLLO.<\/strong><\/p>\n<p>\u201cPeque\u00f1os pero fuertes en el amor de Dios, como san Francisco de As\u00eds, todos los cristianos estamos llamados a cuidar la fragilidad del pueblo y del mundo en que vivimos.\u201d<br \/>\nEvangelii Gaudium, Cap.IV \u00a7216<\/p>\n<p><span class=\"text_exposed_show\" style=\"color: #37404e;\"><em>Organiza: Vicaria para la Educaci\u00f3n. Obispado Zarate Campana.<\/em><br \/>\n<em>Ponencias: a cargo del Lic. Eloy Patricio Mealla.<\/em><br \/>\n<em>Fecha: 26 de Junio 2014.<\/em><br \/>\n<em>Lugar: Auditorio Obispado Zarate Campana. Av. Varela (Ex- Rivadavia) 413. Campana.<\/em><br \/>\n<em>Destinatarios: Equipos Directivos y de conducci\u00f3n de escuelas diocesanas.\u00a0<\/em><br \/>\n<\/span><\/p>\n<p><span class=\"text_exposed_show\" style=\"color: #37404e;\">Cronograma:<br \/>\n9.00 hs: Acreditaci\u00f3n &#8211; Presentaci\u00f3n \u2013 Bienvenida.<br \/>\n9.30 hs: Primera presentaci\u00f3n. La dimensi\u00f3n social de la Evangelizaci\u00f3n<br \/>\n&#8211; \u00bfEvangelizaci\u00f3n y promoci\u00f3n humana?<br \/>\nRespuesta espiritualista &#8211; Respuesta temporalista<br \/>\nRespuesta integral: triple tarea de Iglesia: anuncio, celebraci\u00f3n, servicio.<br \/>\nAlgunas formas de diakon\u00eda a trav\u00e9s de los tiempos<br \/>\n&#8211; CONCILIO VATICANO II<br \/>\n&#8211; Postmodernidad y nueva cuesti\u00f3n social<br \/>\n&#8211; La Alegr\u00eda del Evangelio: La dimensi\u00f3n social de la Evangelizaci\u00f3n<br \/>\n11.00 hs: Pausa Caf\u00e9.<br \/>\n11.30 hs: Segunda presentaci\u00f3n. Educaci\u00f3n para el Desarrollo<br \/>\n&#8211; Misi\u00f3n institucional<br \/>\n&#8211; Asistencialismo \u2013 Asistencia \u2013 Promoci\u00f3n Humana<br \/>\n&#8211; Protagonizar el propio desarrollo<br \/>\n&#8211; \u00bfQu\u00e9 es el desarrollo?: del economicismo al giro \u00e9tico<br \/>\n12.30 hs: Conclusiones. Preguntas. Propuestas<br \/>\n13.00 hs: Refrigerio. Despedida.<\/span><\/p>\n<p><a href=\"http:\/\/obispadodezaratecampana.org\/wp-content\/uploads\/2014\/07\/10513407_753212164730873_8059139689673947086_n.jpg\"><img fetchpriority=\"high\" decoding=\"async\" class=\"aligncenter size-medium wp-image-6233\" src=\"http:\/\/obispadodezaratecampana.org\/wp-content\/uploads\/2014\/07\/10513407_753212164730873_8059139689673947086_n-300x225.jpg\" alt=\"10513407_753212164730873_8059139689673947086_n\" width=\"300\" height=\"225\" srcset=\"https:\/\/obispadodezaratecampana.org\/wp-content\/uploads\/2014\/07\/10513407_753212164730873_8059139689673947086_n-300x225.jpg 300w, https:\/\/obispadodezaratecampana.org\/wp-content\/uploads\/2014\/07\/10513407_753212164730873_8059139689673947086_n.jpg 640w\" sizes=\"(max-width: 300px) 100vw, 300px\" \/><\/a><\/p>\n<p>&nbsp;<\/p>\n<p><a href=\"http:\/\/obispadodezaratecampana.org\/wp-content\/uploads\/2014\/07\/10461946_753211978064225_126078761258752356_n.jpg\"><img decoding=\"async\" class=\"aligncenter size-medium wp-image-6234\" src=\"http:\/\/obispadodezaratecampana.org\/wp-content\/uploads\/2014\/07\/10461946_753211978064225_126078761258752356_n-300x225.jpg\" alt=\"10461946_753211978064225_126078761258752356_n\" width=\"300\" height=\"225\" srcset=\"https:\/\/obispadodezaratecampana.org\/wp-content\/uploads\/2014\/07\/10461946_753211978064225_126078761258752356_n-300x225.jpg 300w, https:\/\/obispadodezaratecampana.org\/wp-content\/uploads\/2014\/07\/10461946_753211978064225_126078761258752356_n.jpg 640w\" sizes=\"(max-width: 300px) 100vw, 300px\" \/><\/a><\/p>\n<p>&nbsp;<\/p>\n<p><a href=\"http:\/\/obispadodezaratecampana.org\/wp-content\/uploads\/2014\/07\/10501914_753211928064230_977158449013995146_n.jpg\"><img decoding=\"async\" class=\"aligncenter size-medium wp-image-6235\" src=\"http:\/\/obispadodezaratecampana.org\/wp-content\/uploads\/2014\/07\/10501914_753211928064230_977158449013995146_n-300x225.jpg\" alt=\"10501914_753211928064230_977158449013995146_n\" width=\"300\" height=\"225\" srcset=\"https:\/\/obispadodezaratecampana.org\/wp-content\/uploads\/2014\/07\/10501914_753211928064230_977158449013995146_n-300x225.jpg 300w, https:\/\/obispadodezaratecampana.org\/wp-content\/uploads\/2014\/07\/10501914_753211928064230_977158449013995146_n.jpg 640w\" sizes=\"(max-width: 300px) 100vw, 300px\" \/><\/a><\/p>\n<p>&nbsp;<\/p>\n<p><a href=\"http:\/\/obispadodezaratecampana.org\/wp-content\/uploads\/2014\/07\/10470791_753211911397565_7092298338439090470_n1.jpg\"><img loading=\"lazy\" decoding=\"async\" class=\"aligncenter size-medium wp-image-6236\" src=\"http:\/\/obispadodezaratecampana.org\/wp-content\/uploads\/2014\/07\/10470791_753211911397565_7092298338439090470_n1-300x225.jpg\" alt=\"10470791_753211911397565_7092298338439090470_n\" width=\"300\" height=\"225\" srcset=\"https:\/\/obispadodezaratecampana.org\/wp-content\/uploads\/2014\/07\/10470791_753211911397565_7092298338439090470_n1-300x225.jpg 300w, https:\/\/obispadodezaratecampana.org\/wp-content\/uploads\/2014\/07\/10470791_753211911397565_7092298338439090470_n1.jpg 640w\" sizes=\"(max-width: 300px) 100vw, 300px\" \/><\/a><\/p>\n<p>&nbsp;<\/p>\n<p><a href=\"http:\/\/obispadodezaratecampana.org\/wp-content\/uploads\/2014\/07\/DSCF4211-1.jpg\"><br \/>\n<\/a><a href=\"http:\/\/obispadodezaratecampana.org\/wp-content\/uploads\/2014\/07\/DSCF4210.jpg\"><img loading=\"lazy\" decoding=\"async\" class=\"aligncenter size-medium wp-image-6238\" src=\"http:\/\/obispadodezaratecampana.org\/wp-content\/uploads\/2014\/07\/DSCF4210-300x225.jpg\" alt=\"DSCF4210\" width=\"300\" height=\"225\" srcset=\"https:\/\/obispadodezaratecampana.org\/wp-content\/uploads\/2014\/07\/DSCF4210-300x225.jpg 300w, https:\/\/obispadodezaratecampana.org\/wp-content\/uploads\/2014\/07\/DSCF4210.jpg 640w\" sizes=\"(max-width: 300px) 100vw, 300px\" \/><\/a><\/p>\n<!-- AddThis Advanced Settings generic via filter on the_content --><!-- AddThis Share Buttons generic via filter on the_content -->","protected":false},"excerpt":{"rendered":"<p>El jueves 27 de junio se realizo la Jornada de Reflexi\u00f3n y Capacitaci\u00f3n &#8220;Educaci\u00f3n , T\u00e9cnica y Desarrollo&#8221; para equipos Directivos y de conducci\u00f3n de [&hellip;]<!-- AddThis Advanced Settings generic via filter on get_the_excerpt --><!-- AddThis Share Buttons generic via filter on get_the_excerpt --><\/p>\n","protected":false},"author":2,"featured_media":6232,"comment_status":"open","ping_status":"open","sticky":false,"template":"","format":"standard","meta":{"footnotes":""},"categories":[1],"tags":[],"class_list":["post-6231","post","type-post","status-publish","format-standard","has-post-thumbnail","hentry","category-noticiasdiocesanas"],"_links":{"self":[{"href":"https:\/\/obispadodezaratecampana.org\/index.php?rest_route=\/wp\/v2\/posts\/6231","targetHints":{"allow":["GET"]}}],"collection":[{"href":"https:\/\/obispadodezaratecampana.org\/index.php?rest_route=\/wp\/v2\/posts"}],"about":[{"href":"https:\/\/obispadodezaratecampana.org\/index.php?rest_route=\/wp\/v2\/types\/post"}],"author":[{"embeddable":true,"href":"https:\/\/obispadodezaratecampana.org\/index.php?rest_route=\/wp\/v2\/users\/2"}],"replies":[{"embeddable":true,"href":"https:\/\/obispadodezaratecampana.org\/index.php?rest_route=%2Fwp%2Fv2%2Fcomments&post=6231"}],"version-history":[{"count":2,"href":"https:\/\/obispadodezaratecampana.org\/index.php?rest_route=\/wp\/v2\/posts\/6231\/revisions"}],"predecessor-version":[{"id":6240,"href":"https:\/\/obispadodezaratecampana.org\/index.php?rest_route=\/wp\/v2\/posts\/6231\/revisions\/6240"}],"wp:featuredmedia":[{"embeddable":true,"href":"https:\/\/obispadodezaratecampana.org\/index.php?rest_route=\/wp\/v2\/media\/6232"}],"wp:attachment":[{"href":"https:\/\/obispadodezaratecampana.org\/index.php?rest_route=%2Fwp%2Fv2%2Fmedia&parent=6231"}],"wp:term":[{"taxonomy":"category","embeddable":true,"href":"https:\/\/obispadodezaratecampana.org\/index.php?rest_route=%2Fwp%2Fv2%2Fcategories&post=6231"},{"taxonomy":"post_tag","embeddable":true,"href":"https:\/\/obispadodezaratecampana.org\/index.php?rest_route=%2Fwp%2Fv2%2Ftags&post=6231"}],"curies":[{"name":"wp","href":"https:\/\/api.w.org\/{rel}","templated":true}]}}