{"id":6225,"date":"2014-07-01T16:48:27","date_gmt":"2014-07-01T19:48:27","guid":{"rendered":"http:\/\/obispadodezaratecampana.org\/?p=6225"},"modified":"2014-07-01T18:05:39","modified_gmt":"2014-07-01T21:05:39","slug":"sabado-23-de-agosto-endica-2014","status":"publish","type":"post","link":"https:\/\/obispadodezaratecampana.org\/?p=6225","title":{"rendered":"S\u00e1bado 23 de agosto: ENDICA 2014"},"content":{"rendered":"<p>El pr\u00f3ximo s\u00e1bado 23 de agosto se realizar\u00e1 el ENDICA 2014 (Encuentro Diocesano de Catequistas).<\/p>\n<p>En esta oportunidad se realizar\u00e1 en el Colegio Cristo Rey , de Gar\u00edn (partido de Escobar)<\/p>\n<p>Luego tendremos mas informaci\u00f3n acerca de este evento que compartiremos con ustedes queridos lectores.<\/p>\n<p><a href=\"http:\/\/obispadodezaratecampana.org\/wp-content\/uploads\/2014\/07\/10492147_10201637580456027_1334031176883451656_n.jpg\"><img decoding=\"async\" class=\"aligncenter size-medium wp-image-6254\" src=\"http:\/\/obispadodezaratecampana.org\/wp-content\/uploads\/2014\/07\/10492147_10201637580456027_1334031176883451656_n-300x158.jpg\" alt=\"10492147_10201637580456027_1334031176883451656_n\" width=\"300\" height=\"158\" srcset=\"https:\/\/obispadodezaratecampana.org\/wp-content\/uploads\/2014\/07\/10492147_10201637580456027_1334031176883451656_n-300x158.jpg 300w, https:\/\/obispadodezaratecampana.org\/wp-content\/uploads\/2014\/07\/10492147_10201637580456027_1334031176883451656_n.jpg 842w\" sizes=\"(max-width: 300px) 100vw, 300px\" \/><\/a><\/p>\n<p>&nbsp;<\/p>\n<!-- AddThis Advanced Settings generic via filter on the_content --><!-- AddThis Share Buttons generic via filter on the_content -->","protected":false},"excerpt":{"rendered":"<p>El pr\u00f3ximo s\u00e1bado 23 de agosto se realizar\u00e1 el ENDICA 2014 (Encuentro Diocesano de Catequistas). En esta oportunidad se realizar\u00e1 en el Colegio Cristo Rey [&hellip;]<!-- AddThis Advanced Settings generic via filter on get_the_excerpt --><!-- AddThis Share Buttons generic via filter on get_the_excerpt --><\/p>\n","protected":false},"author":2,"featured_media":6229,"comment_status":"open","ping_status":"open","sticky":false,"template":"","format":"standard","meta":{"footnotes":""},"categories":[1],"tags":[],"class_list":["post-6225","post","type-post","status-publish","format-standard","has-post-thumbnail","hentry","category-noticiasdiocesanas"],"_links":{"self":[{"href":"https:\/\/obispadodezaratecampana.org\/index.php?rest_route=\/wp\/v2\/posts\/6225","targetHints":{"allow":["GET"]}}],"collection":[{"href":"https:\/\/obispadodezaratecampana.org\/index.php?rest_route=\/wp\/v2\/posts"}],"about":[{"href":"https:\/\/obispadodezaratecampana.org\/index.php?rest_route=\/wp\/v2\/types\/post"}],"author":[{"embeddable":true,"href":"https:\/\/obispadodezaratecampana.org\/index.php?rest_route=\/wp\/v2\/users\/2"}],"replies":[{"embeddable":true,"href":"https:\/\/obispadodezaratecampana.org\/index.php?rest_route=%2Fwp%2Fv2%2Fcomments&post=6225"}],"version-history":[{"count":2,"href":"https:\/\/obispadodezaratecampana.org\/index.php?rest_route=\/wp\/v2\/posts\/6225\/revisions"}],"predecessor-version":[{"id":6255,"href":"https:\/\/obispadodezaratecampana.org\/index.php?rest_route=\/wp\/v2\/posts\/6225\/revisions\/6255"}],"wp:featuredmedia":[{"embeddable":true,"href":"https:\/\/obispadodezaratecampana.org\/index.php?rest_route=\/wp\/v2\/media\/6229"}],"wp:attachment":[{"href":"https:\/\/obispadodezaratecampana.org\/index.php?rest_route=%2Fwp%2Fv2%2Fmedia&parent=6225"}],"wp:term":[{"taxonomy":"category","embeddable":true,"href":"https:\/\/obispadodezaratecampana.org\/index.php?rest_route=%2Fwp%2Fv2%2Fcategories&post=6225"},{"taxonomy":"post_tag","embeddable":true,"href":"https:\/\/obispadodezaratecampana.org\/index.php?rest_route=%2Fwp%2Fv2%2Ftags&post=6225"}],"curies":[{"name":"wp","href":"https:\/\/api.w.org\/{rel}","templated":true}]}}