{"id":6187,"date":"2014-06-26T22:58:58","date_gmt":"2014-06-27T01:58:58","guid":{"rendered":"http:\/\/obispadodezaratecampana.org\/?p=6187"},"modified":"2014-06-26T23:02:12","modified_gmt":"2014-06-27T02:02:12","slug":"vianda-san-anibal-en-el-partido-de-campana","status":"publish","type":"post","link":"https:\/\/obispadodezaratecampana.org\/?p=6187","title":{"rendered":"Vianda &#8220;San Anibal&#8221; en el partido de Campana"},"content":{"rendered":"<p>Les compartimos esta propuesta\u00a0de la comunidad de las Familias Rogacionistas de Campana:<\/p>\n<p><em>Queridos Amigos:<\/em><br \/>\n<em>El domingo 29 de junio estamos preparando como siempre esta rica vianda que Incluye: 1 pollo a la parrilla + 1 ensalada+ 1 dulce a $ 99.00. Es a beneficio de las tareas pastorales Flias Rog. 2014.<\/em><br \/>\n<em>Podes reservar en secretar\u00eda Parroquial \u00a0&#8211; de la Pquia del Carmen de Campana- de 9 a 12 hs y de 15 a 18 hs, o llamando a 03489 &#8211; 423574 o 15-514846 \/ 011-15-4993-4405 o a trav\u00e9s del Face o por mail- familiasrog.ar@gmail.com <\/em><br \/>\n<em>Domingo 29 de junio -12:30 hs \u00a0Sal\u00f3n Padre An\u00edbal &#8211; Av. Balb\u00edn y Pueyrred\u00f3n.<\/em><br \/>\n<em>Como siempre gracias, por que gracias a la colaboraci\u00f3n de todos ustedes podemos realizar las tareas pastorales sirviendo a los dem\u00e1s.<\/em><br \/>\n<em>ENV\u00cdA, SE\u00d1OR, AP\u00d3STOLES SANTOS A TU IGLESIA<\/em><\/p>\n<p>Facebook para consultas:\u00a0<a title=\"viandas \" href=\"https:\/\/www.facebook.com\/familiasrog.argentina\">https:\/\/www.facebook.com\/familiasrog.argentina<\/a><\/p>\n<!-- AddThis Advanced Settings generic via filter on the_content --><!-- AddThis Share Buttons generic via filter on the_content -->","protected":false},"excerpt":{"rendered":"<p>Les compartimos esta propuesta\u00a0de la comunidad de las Familias Rogacionistas de Campana: Queridos Amigos: El domingo 29 de junio estamos preparando como siempre esta rica [&hellip;]<!-- AddThis Advanced Settings generic via filter on get_the_excerpt --><!-- AddThis Share Buttons generic via filter on get_the_excerpt --><\/p>\n","protected":false},"author":2,"featured_media":6189,"comment_status":"open","ping_status":"open","sticky":false,"template":"","format":"standard","meta":{"footnotes":""},"categories":[4],"tags":[],"class_list":["post-6187","post","type-post","status-publish","format-standard","has-post-thumbnail","hentry","category-movimientosinstituciones"],"_links":{"self":[{"href":"https:\/\/obispadodezaratecampana.org\/index.php?rest_route=\/wp\/v2\/posts\/6187","targetHints":{"allow":["GET"]}}],"collection":[{"href":"https:\/\/obispadodezaratecampana.org\/index.php?rest_route=\/wp\/v2\/posts"}],"about":[{"href":"https:\/\/obispadodezaratecampana.org\/index.php?rest_route=\/wp\/v2\/types\/post"}],"author":[{"embeddable":true,"href":"https:\/\/obispadodezaratecampana.org\/index.php?rest_route=\/wp\/v2\/users\/2"}],"replies":[{"embeddable":true,"href":"https:\/\/obispadodezaratecampana.org\/index.php?rest_route=%2Fwp%2Fv2%2Fcomments&post=6187"}],"version-history":[{"count":3,"href":"https:\/\/obispadodezaratecampana.org\/index.php?rest_route=\/wp\/v2\/posts\/6187\/revisions"}],"predecessor-version":[{"id":6192,"href":"https:\/\/obispadodezaratecampana.org\/index.php?rest_route=\/wp\/v2\/posts\/6187\/revisions\/6192"}],"wp:featuredmedia":[{"embeddable":true,"href":"https:\/\/obispadodezaratecampana.org\/index.php?rest_route=\/wp\/v2\/media\/6189"}],"wp:attachment":[{"href":"https:\/\/obispadodezaratecampana.org\/index.php?rest_route=%2Fwp%2Fv2%2Fmedia&parent=6187"}],"wp:term":[{"taxonomy":"category","embeddable":true,"href":"https:\/\/obispadodezaratecampana.org\/index.php?rest_route=%2Fwp%2Fv2%2Fcategories&post=6187"},{"taxonomy":"post_tag","embeddable":true,"href":"https:\/\/obispadodezaratecampana.org\/index.php?rest_route=%2Fwp%2Fv2%2Ftags&post=6187"}],"curies":[{"name":"wp","href":"https:\/\/api.w.org\/{rel}","templated":true}]}}