{"id":6116,"date":"2014-06-20T14:31:25","date_gmt":"2014-06-20T17:31:25","guid":{"rendered":"http:\/\/obispadodezaratecampana.org\/?p=6116"},"modified":"2014-06-20T14:31:25","modified_gmt":"2014-06-20T17:31:25","slug":"sentido-de-la-fiesta-del-cuerpo-y-sangre-del-senor","status":"publish","type":"post","link":"https:\/\/obispadodezaratecampana.org\/?p=6116","title":{"rendered":"Sentido de la Fiesta del Cuerpo y Sangre del Se\u00f1or"},"content":{"rendered":"<p>El jueves (o domingo) siguiente al domingo de la Sant\u00edsima Trinidad, la Iglesia celebra la solemnidad del sant\u00edsimo cuerpo y sangre de Cristo. Ese es su t\u00edtulo completo, aunque solemos referirnos a ella utilizando su anterior nombre latino, &#8220;Corpus Christi&#8221;. Es interesante saber que su t\u00edtulo m\u00e1s antiguo fue Festum Eucharistiae.<\/p>\n<p>Al celebrarlo en jueves, recordamos el jueves santo, d\u00eda de la instituci\u00f3n de la eucarist\u00eda. Ambos d\u00edas tienen un objetivo similar, pero no son un simple duplicado. El Corpus Christi nos proporciona una segunda oportunidad para ponderar el misterio de la eucarist\u00eda y considerar sus varios aspectos. Nos invita a manifestar nuestra fe y devoci\u00f3n a este sacramento, que es el &#8220;sacramento de piedad, signo de unidad, vinculo de caridad, banquete pascual en el cual se come a Cristo, el alma se llena de gracia y se nos da una prenda de la gloria venidera.<\/p>\n<p><strong>La procesi\u00f3n<\/strong><\/p>\n<p>Seg\u00fan el Ritual de la sagrada comuni\u00f3n y del culto a la Eucarist\u00eda fuera de la misa, &#8220;el pueblo cristiano da testimonio de fe y piedad religiosa ante el Sant\u00edsimo Sacramento con las procesiones en que se lleva la eucarist\u00eda por las calles con solemnidad y con cantos&#8221; (101).<\/p>\n<p>Desde luego, la procesi\u00f3n es opcional. El tr\u00e1fico y abarrotamiento de nuestras ciudades y otros muchos n\u00facleos urbanos importantes presentan algunas dificultades. Para asegurar una procesi\u00f3n m\u00e1s ordenada y digna, los pastores pueden transferirla al domingo siguiente y a una hora m\u00e1s tranquila donde no haya tanta circulaci\u00f3n. Donde la procesi\u00f3n no es viable, se pueden considerar otros modos para tributar honor p\u00fablicamente en este d\u00eda a la presencia Eucar\u00edstica de Cristo. Una prolongada exposici\u00f3n del Sant\u00edsimo en la iglesia podr\u00eda, en tal caso, sustituir a la procesi\u00f3n.<\/p>\n<p>Pero donde no hay inconvenientes para que se lleve a cabo con dignidad y reverencia, conviene hacerla. Es la procesi\u00f3n un hermoso acto p\u00fablico de homenaje a Cristo presente en la eucarist\u00eda y de acci\u00f3n de gracias a Dios por tan inmenso don. Constituye, adem\u00e1s, una viva manifestaci\u00f3n de la iglesia local.<\/p>\n<p><strong>Conexi\u00f3n entre la misa y procesi\u00f3n\u00a0<\/strong><\/p>\n<p>Es importante enfatizar la \u00edntima conexi\u00f3n que existe entre la misa y la procesi\u00f3n. El mencionado ritual, en el n\u00famero 103, afirma: &#8220;Conviene que la procesi\u00f3n con el Sant\u00edsimo Sacramento se celebre a continuaci\u00f3n de la misa en la que se consagre la hostia que se ha de trasladar en procesi\u00f3n&#8221;. No se trata de una mera r\u00fabrica, sino de manifestar que la procesi\u00f3n es una prolongaci\u00f3n de la misa y, por consiguiente, no debe considerarse separada. Viene a ser una acci\u00f3n de gracias m\u00e1s amplia. Toda devoci\u00f3n Eucar\u00edstica debe partir de la misa y conducir de nuevo a ella.<\/p>\n<p>La hostia que se lleva en procesi\u00f3n es el pan vivo y dador de vida. Con raz\u00f3n recibe culto p\u00fablico, y su finalidad principal es ser recibida como alimento espiritual para unirnos con Cristo y asociarnos a su sacrificio.<\/p>\n<p>Durante la procesi\u00f3n se pueden hacer estaciones o paradas donde se da la bendici\u00f3n eucar\u00edstica. &#8220;Los cantos y oraciones que se tengan se ordenen a que todos manifiesten su fe en Cristo y se entreguen solamente al Se\u00f1or&#8221; (104). &#8220;Al final se da la bendici\u00f3n con el sant\u00edsimo Sacramento en la iglesia en que acaba la procesi\u00f3n, o en otro lugar oportuno; y se reserva el sant\u00edsimo Sacramento&#8221; (108).<\/p>\n<!-- AddThis Advanced Settings generic via filter on the_content --><!-- AddThis Share Buttons generic via filter on the_content -->","protected":false},"excerpt":{"rendered":"<p>El jueves (o domingo) siguiente al domingo de la Sant\u00edsima Trinidad, la Iglesia celebra la solemnidad del sant\u00edsimo cuerpo y sangre de Cristo. Ese es [&hellip;]<!-- AddThis Advanced Settings generic via filter on get_the_excerpt --><!-- AddThis Share Buttons generic via filter on get_the_excerpt --><\/p>\n","protected":false},"author":2,"featured_media":6118,"comment_status":"open","ping_status":"open","sticky":false,"template":"","format":"standard","meta":{"footnotes":""},"categories":[1],"tags":[],"class_list":["post-6116","post","type-post","status-publish","format-standard","has-post-thumbnail","hentry","category-noticiasdiocesanas"],"_links":{"self":[{"href":"https:\/\/obispadodezaratecampana.org\/index.php?rest_route=\/wp\/v2\/posts\/6116","targetHints":{"allow":["GET"]}}],"collection":[{"href":"https:\/\/obispadodezaratecampana.org\/index.php?rest_route=\/wp\/v2\/posts"}],"about":[{"href":"https:\/\/obispadodezaratecampana.org\/index.php?rest_route=\/wp\/v2\/types\/post"}],"author":[{"embeddable":true,"href":"https:\/\/obispadodezaratecampana.org\/index.php?rest_route=\/wp\/v2\/users\/2"}],"replies":[{"embeddable":true,"href":"https:\/\/obispadodezaratecampana.org\/index.php?rest_route=%2Fwp%2Fv2%2Fcomments&post=6116"}],"version-history":[{"count":2,"href":"https:\/\/obispadodezaratecampana.org\/index.php?rest_route=\/wp\/v2\/posts\/6116\/revisions"}],"predecessor-version":[{"id":6119,"href":"https:\/\/obispadodezaratecampana.org\/index.php?rest_route=\/wp\/v2\/posts\/6116\/revisions\/6119"}],"wp:featuredmedia":[{"embeddable":true,"href":"https:\/\/obispadodezaratecampana.org\/index.php?rest_route=\/wp\/v2\/media\/6118"}],"wp:attachment":[{"href":"https:\/\/obispadodezaratecampana.org\/index.php?rest_route=%2Fwp%2Fv2%2Fmedia&parent=6116"}],"wp:term":[{"taxonomy":"category","embeddable":true,"href":"https:\/\/obispadodezaratecampana.org\/index.php?rest_route=%2Fwp%2Fv2%2Fcategories&post=6116"},{"taxonomy":"post_tag","embeddable":true,"href":"https:\/\/obispadodezaratecampana.org\/index.php?rest_route=%2Fwp%2Fv2%2Ftags&post=6116"}],"curies":[{"name":"wp","href":"https:\/\/api.w.org\/{rel}","templated":true}]}}