{"id":6110,"date":"2014-06-20T14:04:09","date_gmt":"2014-06-20T17:04:09","guid":{"rendered":"http:\/\/obispadodezaratecampana.org\/?p=6110"},"modified":"2014-06-20T14:04:09","modified_gmt":"2014-06-20T17:04:09","slug":"homilia-del-viernes-no-dejemos-que-el-dinero-la-vanidad-o-el-poder-nos-encadenen-el-corazon","status":"publish","type":"post","link":"https:\/\/obispadodezaratecampana.org\/?p=6110","title":{"rendered":"HOMIL\u00cdA DEL VIERNES: NO DEJEMOS QUE EL DINERO, LA VANIDAD O EL PODER NOS ENCADENEN EL CORAZ\u00d3N"},"content":{"rendered":"<p>Jes\u00fas nos pide mantener nuestros corazones libres de dinero, vanidad y poder. Lo dijo el Papa Francisco en la Misa de la ma\u00f1ana del viernes 20 de junio en la Casa de Santa Marta, advirtiendo del peligro de esos tesoros mundanos que pesan y encadenan nuestros corazones. En cambio, las verdaderas riquezas, como la adoraci\u00f3n a Dios y el amor al pr\u00f3jimo, dan &#8220;luz&#8221; al coraz\u00f3n.<\/p>\n<p>&#8220;No acumulen para ustedes tesoros en la tierra&#8221;. Francisco desarroll\u00f3 su homil\u00eda siguiendo este consejo de Jes\u00fas en el Evangelio de hoy. Se trata, dijo el Papa, de &#8220;un consejo de prudencia&#8221;, porque los tesoros de la tierra &#8220;no son seguros: se estropean, vienen los los ladrones y se los llevan&#8221;.<\/p>\n<p>&#8220;\u00bfA qu\u00e9 tesoros se refiere Jes\u00fas?&#8221;, se pregunt\u00f3 el Papa:<br \/>\n&#8220;Principalmente a tres, y siempre vuelve sobre el mismo tema&#8221;.<\/p>\n<p>\u201cEl primer tesoro: el oro, el dinero, las riquezas&#8230; No est\u00e1n seguros porque, tal vez, te lo pueden robar, \u00bfno? &#8216;; &#8216;No, yo estoy seguro con las inversiones&#8217;; \u00a1&#8217;Pero quiz\u00e1 el mercado de valores se derrumbe y te quedes sin nada! Y adem\u00e1s dime: \u00bfun euro de m\u00e1s te hace feliz o no? Las riquezas son un tesoro peligroso, peligroso&#8230;&#8221;<\/p>\n<p>Se podr\u00eda objetar, dijo el Papa, que las riquezas son buenas, &#8220;sirven para hacer un mont\u00f3n de cosas buenas, para llevar adelante la familia: \u00a1esto es verdad! \u00a1Pero si t\u00fa las acumulas como un tesoro, te roban el alma! Jes\u00fas, en el Evangelio, habla varias veces sobre este tema: el peligro de las riquezas, sobre el poner las esperanzas en las riquezas&#8221;.<\/p>\n<p>Otro tesoro \u201ces la vanidad: el tesoro de tener un prestigio, de hacerse ver\u201d. Y Jes\u00fas \u201csiempre condena esto\u201d. Pensemos, dijo el Papa, \u201cqu\u00e9 dice a los doctores de la ley cuando ayunan, cuando dan la limosna, cuando rezan para hacerse ver\u201d. La vanidad, subray\u00f3, \u201cno sirve, termina\u201d. Y cit\u00f3 a San Bernardo que afirmaba: \u201cTu belleza terminar\u00e1 por ser pasto a los gusanos\u201d.<\/p>\n<p>El tercer tesoro es \u201cel orgullo, el poder\u201d. El Papa se refiri\u00f3 a la Primera lectura donde se narra la ca\u00edda de la cruel reina Atalia. \u201cSu gran poder \u2013 coment\u00f3 \u2013 dur\u00f3 siete a\u00f1os, luego fue asesinada. \u00a1El poder termina! \u00a1Cu\u00e1ntos grandes, orgullosos, hombres y mujeres de poder han terminado en el anonimato, en la miseria o en la prisi\u00f3n!\u201d De aqu\u00ed la exhortaci\u00f3n a no acumular dinero, vanidad, orgullo, poder. Estos tesoros, subray\u00f3 el Papa, \u201cno sirven\u201d.<\/p>\n<p>En cambio el Se\u00f1or nos pide que acumulemos \u201ctesoros del cielo\u201d:<br \/>\n&#8220;Este es el mensaje de Jes\u00fas: si tu tesoro est\u00e1 en la riqueza, la vanidad, el poder, en el orgullo, tu coraz\u00f3n quedar\u00e1 encadenado all\u00ed. Tu coraz\u00f3n quedar\u00e1 esclavizado por la riqueza, la vanidad, el orgullo. \u00a1Y lo que Jes\u00fas quiere es que tengamos un coraz\u00f3n libre!&#8221;.<\/p>\n<p>&#8220;Este es el mensaje de hoy. &#8216;\u00a1Por favor, tengan un coraz\u00f3n libre!&#8217;, nos dice Jes\u00fas. Nos habla de la libertad del coraz\u00f3n. Y s\u00f3lo se puede tener un coraz\u00f3n libre con los tesoros del cielo: el amor, la paciencia, el servicio a los dem\u00e1s, la adoraci\u00f3n a Dios. \u00a1\u00c9stas son las verdaderas riquezas que no se pueden robar! \u00a1Las otras riquezas gravan el coraz\u00f3n. Pesan sobre el coraz\u00f3n: lo encadenan, no le dan la libertad!\u201d<\/p>\n<p>Un \u201ccoraz\u00f3n esclavo\u201d, agreg\u00f3 el Papa, \u201cno es un coraz\u00f3n luminoso: ser\u00e1 tenebroso\u201d. Y si nosotros acumulamos tesoros de la tierra, \u201cacumulamos tinieblas, \u00a1que no sirven!\u201d. Estos tesoros \u201cno nos dan alegr\u00eda, y sobre todo no nos dan libertad\u201d. En cambio, afirm\u00f3, \u201cun coraz\u00f3n libre es un coraz\u00f3n luminoso, que ilumina a los otros, que hace ver el camino que lleva a Dios\u201d:<\/p>\n<p>&#8220;Un coraz\u00f3n luminoso, que no est\u00e1 encadenado, un coraz\u00f3n que va hacia adelante y que envejece bien, porque envejece como el buen vino: cuando el buen vino envejece es un buen vino de crianza. En cambio, el coraz\u00f3n que no brilla es como el vino malo: el tiempo pasa y lo estropea, lo vuelve vinagre. Que el Se\u00f1or nos d\u00e9 esta prudencia espiritual, para entender bien d\u00f3nde est\u00e1 mi coraz\u00f3n, a qu\u00e9 tesoro est\u00e1 unido mi coraz\u00f3n. Y que nos d\u00e9 tambi\u00e9n la fuerza para desencadenarlo, si est\u00e1 encadenado, para que sea libre, luminoso y nos d\u00e9 esta hermosa felicidad de hijos de Dios: la verdadera libertad&#8221;.<\/p>\n<!-- AddThis Advanced Settings generic via filter on the_content --><!-- AddThis Share Buttons generic via filter on the_content -->","protected":false},"excerpt":{"rendered":"<p>Jes\u00fas nos pide mantener nuestros corazones libres de dinero, vanidad y poder. Lo dijo el Papa Francisco en la Misa de la ma\u00f1ana del viernes [&hellip;]<!-- AddThis Advanced Settings generic via filter on get_the_excerpt --><!-- AddThis Share Buttons generic via filter on get_the_excerpt --><\/p>\n","protected":false},"author":2,"featured_media":6111,"comment_status":"open","ping_status":"open","sticky":false,"template":"","format":"standard","meta":{"footnotes":""},"categories":[161],"tags":[],"class_list":["post-6110","post","type-post","status-publish","format-standard","has-post-thumbnail","hentry","category-el-papa-leonxiv"],"_links":{"self":[{"href":"https:\/\/obispadodezaratecampana.org\/index.php?rest_route=\/wp\/v2\/posts\/6110","targetHints":{"allow":["GET"]}}],"collection":[{"href":"https:\/\/obispadodezaratecampana.org\/index.php?rest_route=\/wp\/v2\/posts"}],"about":[{"href":"https:\/\/obispadodezaratecampana.org\/index.php?rest_route=\/wp\/v2\/types\/post"}],"author":[{"embeddable":true,"href":"https:\/\/obispadodezaratecampana.org\/index.php?rest_route=\/wp\/v2\/users\/2"}],"replies":[{"embeddable":true,"href":"https:\/\/obispadodezaratecampana.org\/index.php?rest_route=%2Fwp%2Fv2%2Fcomments&post=6110"}],"version-history":[{"count":1,"href":"https:\/\/obispadodezaratecampana.org\/index.php?rest_route=\/wp\/v2\/posts\/6110\/revisions"}],"predecessor-version":[{"id":6112,"href":"https:\/\/obispadodezaratecampana.org\/index.php?rest_route=\/wp\/v2\/posts\/6110\/revisions\/6112"}],"wp:featuredmedia":[{"embeddable":true,"href":"https:\/\/obispadodezaratecampana.org\/index.php?rest_route=\/wp\/v2\/media\/6111"}],"wp:attachment":[{"href":"https:\/\/obispadodezaratecampana.org\/index.php?rest_route=%2Fwp%2Fv2%2Fmedia&parent=6110"}],"wp:term":[{"taxonomy":"category","embeddable":true,"href":"https:\/\/obispadodezaratecampana.org\/index.php?rest_route=%2Fwp%2Fv2%2Fcategories&post=6110"},{"taxonomy":"post_tag","embeddable":true,"href":"https:\/\/obispadodezaratecampana.org\/index.php?rest_route=%2Fwp%2Fv2%2Ftags&post=6110"}],"curies":[{"name":"wp","href":"https:\/\/api.w.org\/{rel}","templated":true}]}}