{"id":6104,"date":"2014-06-20T13:53:56","date_gmt":"2014-06-20T16:53:56","guid":{"rendered":"http:\/\/obispadodezaratecampana.org\/?p=6104"},"modified":"2014-06-20T13:53:56","modified_gmt":"2014-06-20T16:53:56","slug":"corpus-christi-vivir-la-experiencia-de-la-fe-es-dejarse-nutrir-por-el-senor","status":"publish","type":"post","link":"https:\/\/obispadodezaratecampana.org\/?p=6104","title":{"rendered":"CORPUS CHRISTI: VIVIR LA EXPERIENCIA DE LA FE ES DEJARSE NUTRIR POR EL SE\u00d1OR"},"content":{"rendered":"<p>Ciudad del Vaticano, 20 junio 2014 (VIS).-En la solemnidad del Corpus Christi, el Papa Francisco presidi\u00f3 ayer jueves 19 de junio \u00a0la santa misa en la plaza de san Juan de Letr\u00e1n, la bas\u00edlica catedral de Roma y record\u00f3 en su homil\u00eda que adem\u00e1s del hambre f\u00edsico, el ser humano tiene hambre de vida, de amor y de eternidad, de aquel man\u00e1 que Dios dio al Pueblo de Israel en el desierto y que simboliza la Eucarist\u00eda.<\/p>\n<p>Bas\u00e1ndose en la frase de Mois\u00e9s: &#8221;El Se\u00f1or, tu Dios, te nutri\u00f3 de man\u00e1 que tu no conoc\u00edas&#8221;, Francisco habl\u00f3 de la historia del pueblo elegido al que Dios hizo salir de Egipto y de la condici\u00f3n de esclavos para guiarlo hacia la tierra prometida. Pero una vez establecidos all\u00ed, los israelitas conocer el bienestar y corren el peligro de olvidarse de su pasado y de la intervenci\u00f3n divina, por eso &#8221;las Escrituras exhortan a recordar, a hacer memoria de todo el camino hecho en el desierto, en el tiempo de la carest\u00eda y el desconsuelo . La invitaci\u00f3n de Mois\u00e9s es la retornar a lo esencial, a la experiencia de la total dependencia de Dios, cuando la supervivencia estaba confiada a su mano&#8221;.<\/p>\n<p>&#8221;Adem\u00e1s del hambre f\u00edsica -hizo notar el Papa- el hombre lleva en s\u00ed otra hambre&#8230;Es hambre de vida, hambre de amor, hambre de eternidad. Y el signo del man\u00e1&#8230; era figura de un alimento que satisface esta hambre profunda del ser humano. Jes\u00fas nos da este alimento, es m\u00e1s, es \u00c9l mismo el pan vivo que da la vida al mundo. Su Cuerpo es verdadera comida bajo la especie del pan; su Sangre es verdadera bebida bajo la especie del vino. No es un simple alimento para saciar nuestros cuerpos, como el man\u00e1. El Cuerpo de Cristo es el pan de los \u00faltimos tiempos, capaz de dar vida, y vida eterna, porque la sustancia de este pan es el Amor&#8221;.<\/p>\n<p>En la Eucarist\u00eda &#8221;se comunica el amor del Se\u00f1or por nosotros: un amor tan grande que nos nutre consigo mismo; un amor gratuito, siempre a disposici\u00f3n de toda persona hambrienta y necesitada de regenerar sus fuerzas. Vivir la experiencia de la fe significa dejarse nutrir por el Se\u00f1or y construir la propia existencia no sobre bienes materiales, sino sobre la realidad que no perece: los dones de Dios, su Palabra y su Cuerpo&#8221;.<\/p>\n<p>&#8221;Si miramos a nuestro alrededor &#8211; observ\u00f3 el Obispo de Roma- nos damos cuenta de que hay tantas ofertas de comida que no vienen del Se\u00f1or y que aparentemente satisfacen m\u00e1s. Algunos se nutren con el dinero, otros con el \u00e9xito y la vanidad, otros con el poder y el orgullo. \u00a1Pero la comida que nos nutre realmente y nos sacia es solamente la que nos da el Se\u00f1or! El alimento que nos ofrece el Se\u00f1or es diferente de los otros, y quiz\u00e1s no parezca tan apetitoso como los otros que ofrece el mundo. Y entonces, so\u00f1amos otras comidas, como los hebreos en el desierto, que a\u00f1oraban la carne y las cebollas que com\u00edan en Egipto, pero se olvidaban de que las com\u00edan en la mesa de la esclavitud. En aquellos momentos de tentaci\u00f3n, ten\u00edan memoria, pero una memoria enferma, una memoria selectiva&#8221;.<\/p>\n<p>&#8221;El Padre nos dice: Te he nutrido con man\u00e1 que t\u00fa no conoc\u00edas. Recuperemos la memoria y aprendamos a reconocer el pan falso que ilusiona y corrompe, porque es fruto del ego\u00edsmo, de la autosuficiencia y del pecado. Dentro de poco, en la procesi\u00f3n, seguiremos a Jes\u00fas, realmente presente en la Eucarist\u00eda. La Hostia es nuestro man\u00e1, mediante el cual el Se\u00f1or se nos da. A \u00c9l nos dirigimos con confianza: Jes\u00fas, defi\u00e9ndenos de las tentaciones del alimento mundano que nos esclaviza,&#8230; purifica nuestra memoria, para que no quede prisionera en la selectividad ego\u00edsta y mundana, sino que sea memoria viva de tu presencia a lo largo de toda a historia de tu pueblo, memoria que se hace memorial de tu gesto de amor redentor&#8221;.<\/p>\n<p>Al final de la celebraci\u00f3n eucar\u00edstica, el Santo Padre encabez\u00f3 la procesi\u00f3n que, a lo largo de la Via Merulana, lleg\u00f3 hasta la bas\u00edlica de Santa Mar\u00eda la Mayor, donde imparti\u00f3 la bendici\u00f3n solemne con el Sant\u00edsimo Sacramento.<\/p>\n<!-- AddThis Advanced Settings generic via filter on the_content --><!-- AddThis Share Buttons generic via filter on the_content -->","protected":false},"excerpt":{"rendered":"<p>Ciudad del Vaticano, 20 junio 2014 (VIS).-En la solemnidad del Corpus Christi, el Papa Francisco presidi\u00f3 ayer jueves 19 de junio \u00a0la santa misa en [&hellip;]<!-- AddThis Advanced Settings generic via filter on get_the_excerpt --><!-- AddThis Share Buttons generic via filter on get_the_excerpt --><\/p>\n","protected":false},"author":2,"featured_media":6108,"comment_status":"open","ping_status":"open","sticky":false,"template":"","format":"standard","meta":{"footnotes":""},"categories":[161],"tags":[],"class_list":["post-6104","post","type-post","status-publish","format-standard","has-post-thumbnail","hentry","category-el-papa-leonxiv"],"_links":{"self":[{"href":"https:\/\/obispadodezaratecampana.org\/index.php?rest_route=\/wp\/v2\/posts\/6104","targetHints":{"allow":["GET"]}}],"collection":[{"href":"https:\/\/obispadodezaratecampana.org\/index.php?rest_route=\/wp\/v2\/posts"}],"about":[{"href":"https:\/\/obispadodezaratecampana.org\/index.php?rest_route=\/wp\/v2\/types\/post"}],"author":[{"embeddable":true,"href":"https:\/\/obispadodezaratecampana.org\/index.php?rest_route=\/wp\/v2\/users\/2"}],"replies":[{"embeddable":true,"href":"https:\/\/obispadodezaratecampana.org\/index.php?rest_route=%2Fwp%2Fv2%2Fcomments&post=6104"}],"version-history":[{"count":1,"href":"https:\/\/obispadodezaratecampana.org\/index.php?rest_route=\/wp\/v2\/posts\/6104\/revisions"}],"predecessor-version":[{"id":6109,"href":"https:\/\/obispadodezaratecampana.org\/index.php?rest_route=\/wp\/v2\/posts\/6104\/revisions\/6109"}],"wp:featuredmedia":[{"embeddable":true,"href":"https:\/\/obispadodezaratecampana.org\/index.php?rest_route=\/wp\/v2\/media\/6108"}],"wp:attachment":[{"href":"https:\/\/obispadodezaratecampana.org\/index.php?rest_route=%2Fwp%2Fv2%2Fmedia&parent=6104"}],"wp:term":[{"taxonomy":"category","embeddable":true,"href":"https:\/\/obispadodezaratecampana.org\/index.php?rest_route=%2Fwp%2Fv2%2Fcategories&post=6104"},{"taxonomy":"post_tag","embeddable":true,"href":"https:\/\/obispadodezaratecampana.org\/index.php?rest_route=%2Fwp%2Fv2%2Ftags&post=6104"}],"curies":[{"name":"wp","href":"https:\/\/api.w.org\/{rel}","templated":true}]}}